{"id":14470,"date":"2023-02-10T17:01:10","date_gmt":"2023-02-10T23:01:10","guid":{"rendered":"https:\/\/gobernacionaltaverapaz.gob.gt\/?p=14470"},"modified":"2023-02-21T14:40:21","modified_gmt":"2023-02-21T20:40:21","slug":"firma-de-convenio-entre-el-consejo-departamental-de-desarrollo-municipalidad-de-chahal","status":"publish","type":"post","link":"https:\/\/gobernacionaltaverapaz.gob.gt\/?p=14470","title":{"rendered":"Firma de Convenio entre El Consejo Departamental de Desarrollo y Municipalidad de Chahal"},"content":{"rendered":"<div class=\"x11i5rnm xat24cr x1mh8g0r x1vvkbs xdj266r x126k92a\">\n<div dir=\"auto\" style=\"text-align: justify;\">Fortalecer el desarrollo integral del Departamento a trav\u00e9s de la autoridad local, es una instrucci\u00f3n del Sr. Presidente Constitucional de la Rep\u00fablica, derivado de ello el d\u00eda de hoy se llev\u00f3 a cabo el Acto de la Firma de 3 Convenios entre Gobernaci\u00f3n Departamental de Alta Verapaz, Consejo Departamental de Desarrollo y la Municipalidad de Chahal, Dichos convenios son firmados para la contrataci\u00f3n de obras con fondos del Aporte a Consejos de Desarrollo del a\u00f1o 2023.<\/div>\n<\/div>\n<div class=\"x11i5rnm xat24cr x1mh8g0r x1vvkbs xtlvy1s x126k92a\" style=\"text-align: justify;\">\n<div dir=\"auto\">Con los 3 convenios firmados permitir\u00e1n la ejecuci\u00f3n en este a\u00f1o de los siguientes proyectos:<\/div>\n<\/div>\n<div class=\"x11i5rnm xat24cr x1mh8g0r x1vvkbs xtlvy1s x126k92a\">\n<div dir=\"auto\" style=\"text-align: justify;\">\u2022 Ampliaci\u00f3n Escuela Primaria Caser\u00edo Santa Rita<\/div>\n<div dir=\"auto\" style=\"text-align: justify;\">\u2022 Construcci\u00f3n Centro Comunitario de Salud Caser\u00edo SEPAC.<\/div>\n<div dir=\"auto\" style=\"text-align: justify;\">\u2022 Construcci\u00f3n Centro Comunitario de Salud Caser\u00edo SESALTUL, Chahal, Alta Verapaz.<\/div>\n<\/div>\n<div dir=\"auto\"><\/div>\n<div dir=\"auto\"><\/div>\n<div dir=\"auto\">\n<div><\/div>\n<\/div>\n<p>&nbsp;<\/p>\n","protected":false},"excerpt":{"rendered":"<p>Fortalecer el desarrollo integral del Departamento a trav\u00e9s de la autoridad local, es una instrucci\u00f3n del Sr. Presidente Constitucional de la Rep\u00fablica, derivado de ello el d\u00eda de hoy se llev\u00f3 a cabo el Acto de la Firma de 3 Convenios entre Gobernaci\u00f3n Departamental de Alta Verapaz, Consejo Departamental de Desarrollo y la Municipalidad de [&hellip;]<\/p>\n","protected":false},"author":1,"featured_media":14466,"comment_status":"closed","ping_status":"open","sticky":false,"template":"","format":"gallery","meta":[],"categories":[194],"tags":[178],"_links":{"self":[{"href":"https:\/\/gobernacionaltaverapaz.gob.gt\/index.php?rest_route=\/wp\/v2\/posts\/14470"}],"collection":[{"href":"https:\/\/gobernacionaltaverapaz.gob.gt\/index.php?rest_route=\/wp\/v2\/posts"}],"about":[{"href":"https:\/\/gobernacionaltaverapaz.gob.gt\/index.php?rest_route=\/wp\/v2\/types\/post"}],"author":[{"embeddable":true,"href":"https:\/\/gobernacionaltaverapaz.gob.gt\/index.php?rest_route=\/wp\/v2\/users\/1"}],"replies":[{"embeddable":true,"href":"https:\/\/gobernacionaltaverapaz.gob.gt\/index.php?rest_route=%2Fwp%2Fv2%2Fcomments&post=14470"}],"version-history":[{"count":1,"href":"https:\/\/gobernacionaltaverapaz.gob.gt\/index.php?rest_route=\/wp\/v2\/posts\/14470\/revisions"}],"predecessor-version":[{"id":14471,"href":"https:\/\/gobernacionaltaverapaz.gob.gt\/index.php?rest_route=\/wp\/v2\/posts\/14470\/revisions\/14471"}],"wp:featuredmedia":[{"embeddable":true,"href":"https:\/\/gobernacionaltaverapaz.gob.gt\/index.php?rest_route=\/wp\/v2\/media\/14466"}],"wp:attachment":[{"href":"https:\/\/gobernacionaltaverapaz.gob.gt\/index.php?rest_route=%2Fwp%2Fv2%2Fmedia&parent=14470"}],"wp:term":[{"taxonomy":"category","embeddable":true,"href":"https:\/\/gobernacionaltaverapaz.gob.gt\/index.php?rest_route=%2Fwp%2Fv2%2Fcategories&post=14470"},{"taxonomy":"post_tag","embeddable":true,"href":"https:\/\/gobernacionaltaverapaz.gob.gt\/index.php?rest_route=%2Fwp%2Fv2%2Ftags&post=14470"}],"curies":[{"name":"wp","href":"https:\/\/api.w.org\/{rel}","templated":true}]}}