{"id":14477,"date":"2023-02-10T17:37:38","date_gmt":"2023-02-10T23:37:38","guid":{"rendered":"https:\/\/gobernacionaltaverapaz.gob.gt\/?p=14477"},"modified":"2023-02-21T15:35:10","modified_gmt":"2023-02-21T21:35:10","slug":"ampliacin-puesto-de-salud-aldea-san-agustn","status":"publish","type":"post","link":"https:\/\/gobernacionaltaverapaz.gob.gt\/?p=14477","title":{"rendered":"Ampliaci\u00f3n puesto de salud Aldea San Agust\u00edn"},"content":{"rendered":"<div dir=\"auto\" style=\"text-align: justify;\">Con la finalidad de contribuir con el desarrollo integral de la poblaci\u00f3n de las comunidades del Municipio de Chahal, mediante la buena atenci\u00f3n en salud, el d\u00eda de hoy, el Sr, Gobernador Departamental, en compa\u00f1\u00eda de Autoridades Municipales y comunitarios del lugar, llevaron a cabo la entrega del Proyecto AMPLIACION PUESTO DE SALUD ALDEA SAN AGUSTIN, CHAHAL, ALTA VERAPAZ, el cual consiste en la Construcci\u00f3n de 2 cl\u00ednicas, farmacia, Hipodermia y Curaciones, oficina estad\u00edstica, Estaci\u00f3n de enfermer\u00eda, Sala de espera, Sala de Reuniones, Servicios Sanitarios, Bodega. Instalaciones que re\u00fane todas las comodidades necesarias para que la poblaci\u00f3n pueda ser atendida de una mejor manera.<\/div>\n<div dir=\"auto\"><\/div>\n<div dir=\"auto\"><a class=\"x1i10hfl xjbqb8w x6umtig x1b1mbwd xaqea5y xav7gou x9f619 x1ypdohk xt0psk2 xe8uvvx xdj266r x11i5rnm xat24cr x1mh8g0r xexx8yu x4uap5 x18d9i69 xkhd6sd x16tdsg8 x1hl2dhg xggy1nq x1a2a7pz xt0b8zv x1qq9wsj xo1l8bm\" tabindex=\"0\" role=\"link\" href=\"https:\/\/www.facebook.com\/profile.php?id=100085389811870&amp;__cft__[0]=AZVV2iGGo7jCVQaCkdk2BpHghAFYXoaHZPoh_xzHiw3dun5zths3VZCJiGSCoKKHjyswQLYWzkNzd4pd6fcPtW65hmOmjhT8KLy8U1FUKTVDinIpznw9FtJyUBeDiB926-NehRDxTLbvynITdsoXXLxu1sbEYfzzwFFY_dM52YiJRvUnTutbRBW7vS5yhIgYyMk&amp;__tn__=-]K-R\"><span class=\"xt0psk2\">Municipalidad de Chahal Oficial<\/span><\/a><\/div>\n<div dir=\"auto\"><a class=\"x1i10hfl xjbqb8w x6umtig x1b1mbwd xaqea5y xav7gou x9f619 x1ypdohk xt0psk2 xe8uvvx xdj266r x11i5rnm xat24cr x1mh8g0r xexx8yu x4uap5 x18d9i69 xkhd6sd x16tdsg8 x1hl2dhg xggy1nq x1a2a7pz xt0b8zv x1qq9wsj xo1l8bm\" tabindex=\"0\" role=\"link\" href=\"https:\/\/www.facebook.com\/codede.av.7?__cft__[0]=AZVV2iGGo7jCVQaCkdk2BpHghAFYXoaHZPoh_xzHiw3dun5zths3VZCJiGSCoKKHjyswQLYWzkNzd4pd6fcPtW65hmOmjhT8KLy8U1FUKTVDinIpznw9FtJyUBeDiB926-NehRDxTLbvynITdsoXXLxu1sbEYfzzwFFY_dM52YiJRvUnTutbRBW7vS5yhIgYyMk&amp;__tn__=-]K-R\"><span class=\"xt0psk2\">Codede AV<\/span><\/a><\/div>\n<div dir=\"auto\"><a class=\"x1i10hfl xjbqb8w x6umtig x1b1mbwd xaqea5y xav7gou x9f619 x1ypdohk xt0psk2 xe8uvvx xdj266r x11i5rnm xat24cr x1mh8g0r xexx8yu x4uap5 x18d9i69 xkhd6sd x16tdsg8 x1hl2dhg xggy1nq x1a2a7pz xt0b8zv x1qq9wsj xo1l8bm\" tabindex=\"0\" role=\"link\" href=\"https:\/\/www.facebook.com\/hashtag\/elgobdelosguatemaltecos?__eep__=6&amp;__cft__[0]=AZVV2iGGo7jCVQaCkdk2BpHghAFYXoaHZPoh_xzHiw3dun5zths3VZCJiGSCoKKHjyswQLYWzkNzd4pd6fcPtW65hmOmjhT8KLy8U1FUKTVDinIpznw9FtJyUBeDiB926-NehRDxTLbvynITdsoXXLxu1sbEYfzzwFFY_dM52YiJRvUnTutbRBW7vS5yhIgYyMk&amp;__tn__=*NK-R\">#ElGobDeLosGuatemaltecos<\/a><\/div>\n<div dir=\"auto\"><\/div>\n<div dir=\"auto\"><\/div>\n<div dir=\"auto\"><\/div>\n<div dir=\"auto\"><\/div>\n<div dir=\"auto\"><\/div>\n<div dir=\"auto\"><\/div>\n<div dir=\"auto\">\n<div><\/div>\n<\/div>\n<p>&nbsp;<\/p>\n","protected":false},"excerpt":{"rendered":"<p>Con la finalidad de contribuir con el desarrollo integral de la poblaci\u00f3n de las comunidades del Municipio de Chahal, mediante la buena atenci\u00f3n en salud, el d\u00eda de hoy, el Sr, Gobernador Departamental, en compa\u00f1\u00eda de Autoridades Municipales y comunitarios del lugar, llevaron a cabo la entrega del Proyecto AMPLIACION PUESTO DE SALUD ALDEA SAN [&hellip;]<\/p>\n","protected":false},"author":1,"featured_media":14472,"comment_status":"closed","ping_status":"open","sticky":false,"template":"","format":"gallery","meta":[],"categories":[195],"tags":[178],"_links":{"self":[{"href":"https:\/\/gobernacionaltaverapaz.gob.gt\/index.php?rest_route=\/wp\/v2\/posts\/14477"}],"collection":[{"href":"https:\/\/gobernacionaltaverapaz.gob.gt\/index.php?rest_route=\/wp\/v2\/posts"}],"about":[{"href":"https:\/\/gobernacionaltaverapaz.gob.gt\/index.php?rest_route=\/wp\/v2\/types\/post"}],"author":[{"embeddable":true,"href":"https:\/\/gobernacionaltaverapaz.gob.gt\/index.php?rest_route=\/wp\/v2\/users\/1"}],"replies":[{"embeddable":true,"href":"https:\/\/gobernacionaltaverapaz.gob.gt\/index.php?rest_route=%2Fwp%2Fv2%2Fcomments&post=14477"}],"version-history":[{"count":1,"href":"https:\/\/gobernacionaltaverapaz.gob.gt\/index.php?rest_route=\/wp\/v2\/posts\/14477\/revisions"}],"predecessor-version":[{"id":14478,"href":"https:\/\/gobernacionaltaverapaz.gob.gt\/index.php?rest_route=\/wp\/v2\/posts\/14477\/revisions\/14478"}],"wp:featuredmedia":[{"embeddable":true,"href":"https:\/\/gobernacionaltaverapaz.gob.gt\/index.php?rest_route=\/wp\/v2\/media\/14472"}],"wp:attachment":[{"href":"https:\/\/gobernacionaltaverapaz.gob.gt\/index.php?rest_route=%2Fwp%2Fv2%2Fmedia&parent=14477"}],"wp:term":[{"taxonomy":"category","embeddable":true,"href":"https:\/\/gobernacionaltaverapaz.gob.gt\/index.php?rest_route=%2Fwp%2Fv2%2Fcategories&post=14477"},{"taxonomy":"post_tag","embeddable":true,"href":"https:\/\/gobernacionaltaverapaz.gob.gt\/index.php?rest_route=%2Fwp%2Fv2%2Ftags&post=14477"}],"curies":[{"name":"wp","href":"https:\/\/api.w.org\/{rel}","templated":true}]}}