{"id":14514,"date":"2023-02-17T15:47:24","date_gmt":"2023-02-17T21:47:24","guid":{"rendered":"https:\/\/gobernacionaltaverapaz.gob.gt\/?p=14514"},"modified":"2023-02-23T16:08:42","modified_gmt":"2023-02-23T22:08:42","slug":"entrega-de-270-motocicletas-4-vehculos-destinados-los-17-distritos-del-rea-de-salud-del-departamento","status":"publish","type":"post","link":"https:\/\/gobernacionaltaverapaz.gob.gt\/?p=14514","title":{"rendered":"Entrega de 270 motocicletas y 4 veh\u00edculos destinados a los 17 distritos del \u00c1rea de salud del departamento"},"content":{"rendered":"<div dir=\"auto\" style=\"text-align: justify;\">El <a class=\"x1i10hfl xjbqb8w x6umtig x1b1mbwd xaqea5y xav7gou x9f619 x1ypdohk xt0psk2 xe8uvvx xdj266r x11i5rnm xat24cr x1mh8g0r xexx8yu x4uap5 x18d9i69 xkhd6sd x16tdsg8 x1hl2dhg xggy1nq x1a2a7pz xt0b8zv x1qq9wsj xo1l8bm\" tabindex=\"0\" role=\"link\" href=\"https:\/\/www.facebook.com\/MinisteriodeSaludPublicayAsistenciaSocial?__cft__[0]=AZXKf0h-mtAlsLW5hOadQF3VuBgQPPNR1MhmLVGlEErv0R7Qh4RG4nQT-3Ggl21_tmFINaWHHuVyKkoAWmJG7glvSlFXncBi6X4jgKWJqLPkt_y3M8fpmnz3sFyC87IiJdwK7b2bQYkmNaajvsUmz9RPc8Mb8tgKYjW3v5PxSVhArc0YTVl4m7CCVP5BOOWJSuk&amp;__tn__=-]K-R\"><span class=\"xt0psk2\">Ministerio de Salud P\u00fablica y Asistencia Social<\/span><\/a> -MSPAS- a trav\u00e9s de <a class=\"x1i10hfl xjbqb8w x6umtig x1b1mbwd xaqea5y xav7gou x9f619 x1ypdohk xt0psk2 xe8uvvx xdj266r x11i5rnm xat24cr x1mh8g0r xexx8yu x4uap5 x18d9i69 xkhd6sd x16tdsg8 x1hl2dhg xggy1nq x1a2a7pz xt0b8zv x1qq9wsj xo1l8bm\" tabindex=\"0\" role=\"link\" href=\"https:\/\/www.facebook.com\/hashtag\/crecersano?__eep__=6&amp;__cft__[0]=AZXKf0h-mtAlsLW5hOadQF3VuBgQPPNR1MhmLVGlEErv0R7Qh4RG4nQT-3Ggl21_tmFINaWHHuVyKkoAWmJG7glvSlFXncBi6X4jgKWJqLPkt_y3M8fpmnz3sFyC87IiJdwK7b2bQYkmNaajvsUmz9RPc8Mb8tgKYjW3v5PxSVhArc0YTVl4m7CCVP5BOOWJSuk&amp;__tn__=*NK-R\">#crecersano<\/a>: Proyecto de Nutrici\u00f3n y Salud en Guatemala, llev\u00f3 a cabo la entrega de 270 motocicletas y 4 veh\u00edculos destinados a los 17 distritos del \u00c1rea de salud del departamento, Actividad en la que particip\u00f3 el Sr. Gobernador Departamental, delegados departamentales, Autoridades municipales, Autoridades del Ministerio de Salud P\u00fablica y Asistencia Social y de la Direcci\u00f3n de \u00c1rea de Salud del Territorio Altaverapacense.<\/div>\n<div dir=\"auto\" style=\"text-align: justify;\">Con estos veh\u00edculos se fortalece la atenci\u00f3n en salud con acciones como visitas domiciliarias para brindar atenci\u00f3n oportuna, barridos de casa en casa para vacunaci\u00f3n y monitoreos de talla y peso, entre otros, sobre todo en los sectores de dif\u00edcil acceso.<\/div>\n<div dir=\"auto\"><\/div>\n<div dir=\"auto\"><a class=\"x1i10hfl xjbqb8w x6umtig x1b1mbwd xaqea5y xav7gou x9f619 x1ypdohk xt0psk2 xe8uvvx xdj266r x11i5rnm xat24cr x1mh8g0r xexx8yu x4uap5 x18d9i69 xkhd6sd x16tdsg8 x1hl2dhg xggy1nq x1a2a7pz xt0b8zv x1qq9wsj xo1l8bm\" tabindex=\"0\" role=\"link\" href=\"https:\/\/www.facebook.com\/DAS.AltaVerapaz?__cft__[0]=AZXKf0h-mtAlsLW5hOadQF3VuBgQPPNR1MhmLVGlEErv0R7Qh4RG4nQT-3Ggl21_tmFINaWHHuVyKkoAWmJG7glvSlFXncBi6X4jgKWJqLPkt_y3M8fpmnz3sFyC87IiJdwK7b2bQYkmNaajvsUmz9RPc8Mb8tgKYjW3v5PxSVhArc0YTVl4m7CCVP5BOOWJSuk&amp;__tn__=-]K-R\"><span class=\"xt0psk2\">Direcci\u00f3n de \u00c1rea de Salud de Alta Verapaz &#8211; DASAV<\/span><\/a><\/div>\n<div dir=\"auto\"><a class=\"x1i10hfl xjbqb8w x6umtig x1b1mbwd xaqea5y xav7gou x9f619 x1ypdohk xt0psk2 xe8uvvx xdj266r x11i5rnm xat24cr x1mh8g0r xexx8yu x4uap5 x18d9i69 xkhd6sd x16tdsg8 x1hl2dhg xggy1nq x1a2a7pz xt0b8zv x1qq9wsj xo1l8bm\" tabindex=\"0\" role=\"link\" href=\"https:\/\/www.facebook.com\/hashtag\/elgobdelosguatemaltecos?__eep__=6&amp;__cft__[0]=AZXKf0h-mtAlsLW5hOadQF3VuBgQPPNR1MhmLVGlEErv0R7Qh4RG4nQT-3Ggl21_tmFINaWHHuVyKkoAWmJG7glvSlFXncBi6X4jgKWJqLPkt_y3M8fpmnz3sFyC87IiJdwK7b2bQYkmNaajvsUmz9RPc8Mb8tgKYjW3v5PxSVhArc0YTVl4m7CCVP5BOOWJSuk&amp;__tn__=*NK-R\">#ElGobDeLosGuatemaltecos<\/a><\/div>\n<p>&nbsp;<\/p>\n<p>&nbsp;<\/p>\n<p>&nbsp;<\/p>\n<p>&nbsp;<\/p>\n<p>&nbsp;<\/p>\n<div><\/div>\n","protected":false},"excerpt":{"rendered":"<p>El Ministerio de Salud P\u00fablica y Asistencia Social -MSPAS- a trav\u00e9s de #crecersano: Proyecto de Nutrici\u00f3n y Salud en Guatemala, llev\u00f3 a cabo la entrega de 270 motocicletas y 4 veh\u00edculos destinados a los 17 distritos del \u00c1rea de salud del departamento, Actividad en la que particip\u00f3 el Sr. Gobernador Departamental, delegados departamentales, Autoridades municipales, [&hellip;]<\/p>\n","protected":false},"author":1,"featured_media":14508,"comment_status":"closed","ping_status":"open","sticky":false,"template":"","format":"gallery","meta":[],"categories":[182],"tags":[178],"_links":{"self":[{"href":"https:\/\/gobernacionaltaverapaz.gob.gt\/index.php?rest_route=\/wp\/v2\/posts\/14514"}],"collection":[{"href":"https:\/\/gobernacionaltaverapaz.gob.gt\/index.php?rest_route=\/wp\/v2\/posts"}],"about":[{"href":"https:\/\/gobernacionaltaverapaz.gob.gt\/index.php?rest_route=\/wp\/v2\/types\/post"}],"author":[{"embeddable":true,"href":"https:\/\/gobernacionaltaverapaz.gob.gt\/index.php?rest_route=\/wp\/v2\/users\/1"}],"replies":[{"embeddable":true,"href":"https:\/\/gobernacionaltaverapaz.gob.gt\/index.php?rest_route=%2Fwp%2Fv2%2Fcomments&post=14514"}],"version-history":[{"count":1,"href":"https:\/\/gobernacionaltaverapaz.gob.gt\/index.php?rest_route=\/wp\/v2\/posts\/14514\/revisions"}],"predecessor-version":[{"id":14515,"href":"https:\/\/gobernacionaltaverapaz.gob.gt\/index.php?rest_route=\/wp\/v2\/posts\/14514\/revisions\/14515"}],"wp:featuredmedia":[{"embeddable":true,"href":"https:\/\/gobernacionaltaverapaz.gob.gt\/index.php?rest_route=\/wp\/v2\/media\/14508"}],"wp:attachment":[{"href":"https:\/\/gobernacionaltaverapaz.gob.gt\/index.php?rest_route=%2Fwp%2Fv2%2Fmedia&parent=14514"}],"wp:term":[{"taxonomy":"category","embeddable":true,"href":"https:\/\/gobernacionaltaverapaz.gob.gt\/index.php?rest_route=%2Fwp%2Fv2%2Fcategories&post=14514"},{"taxonomy":"post_tag","embeddable":true,"href":"https:\/\/gobernacionaltaverapaz.gob.gt\/index.php?rest_route=%2Fwp%2Fv2%2Ftags&post=14514"}],"curies":[{"name":"wp","href":"https:\/\/api.w.org\/{rel}","templated":true}]}}