{"id":14519,"date":"2023-02-17T15:59:13","date_gmt":"2023-02-17T21:59:13","guid":{"rendered":"https:\/\/gobernacionaltaverapaz.gob.gt\/?p=14519"},"modified":"2023-02-24T09:42:18","modified_gmt":"2023-02-24T15:42:18","slug":"acto-de-la-firma-de-convenios-de-ejecucin-de-obra-en-municipalidad-de-santa-catalina-la-tinta","status":"publish","type":"post","link":"https:\/\/gobernacionaltaverapaz.gob.gt\/?p=14519","title":{"rendered":"Acto de la firma de convenios de ejecuci\u00f3n de obra en Municipalidad de Santa Catalina la Tinta"},"content":{"rendered":"<div dir=\"auto\" style=\"text-align: justify;\">Con el inter\u00e9s de potenciar el progreso en el Departamento, el Sr. Gobernador de Alta Verapaz, el d\u00eda de hoy llev\u00f3 a cabo el acto de la firma de convenios de ejecuci\u00f3n de obra, entre Gobernaci\u00f3n Departamental de Alta Verapaz, el Consejo Departamental de Desarrollo y la Municipalidad de Santa Catalina la Tinta.<\/div>\n<div dir=\"auto\" style=\"text-align: justify;\">Convenios que permitir\u00e1 la ejecuci\u00f3n en este a\u00f1o de los proyectos de:<\/div>\n<div dir=\"auto\" style=\"text-align: justify;\">Construcci\u00f3n Escuela Primaria Parcelamiento Cooperativa Agr\u00edcola SAMILHA.<\/div>\n<div dir=\"auto\" style=\"text-align: justify;\">Construcci\u00f3n Sistema de Agua Potable, Caser\u00edo SAN JOS\u00c9 LAS CRUCES.<\/div>\n<div dir=\"auto\" style=\"text-align: justify;\">Ampliaci\u00f3n Instituto B\u00e1sico, Aldea SACSUHA.<\/div>\n<div dir=\"auto\" style=\"text-align: justify;\">Construcci\u00f3n Instituto B\u00e1sico, Aldea SAMILHA, Santa Catalina la tinta, A.V.<\/div>\n<div dir=\"auto\"><\/div>\n<div dir=\"auto\"><a class=\"x1i10hfl xjbqb8w x6umtig x1b1mbwd xaqea5y xav7gou x9f619 x1ypdohk xt0psk2 xe8uvvx xdj266r x11i5rnm xat24cr x1mh8g0r xexx8yu x4uap5 x18d9i69 xkhd6sd x16tdsg8 x1hl2dhg xggy1nq x1a2a7pz xt0b8zv x1qq9wsj xo1l8bm\" tabindex=\"0\" role=\"link\" href=\"https:\/\/www.facebook.com\/codede.av.7?__cft__[0]=AZUR3i9aTmP7ffzGnjDggmIUytWoqd5UnPcuTjYtVE5TfQk7vHO_xD5OIa5rR6jf33gJ5vd58T15kz1HTgZf2W3M5M7GJnpjWhW8-Kpo4TfUcAsd2d17y9GVtlVWgvT4eYqVgOrglSBwb0B7v7Sy5oT8Jhp11Hqs6yN36me1WllH1xSTyWTzJLFXj9-vofUE3qg&amp;__tn__=-]K-R\"><span class=\"xt0psk2\">Codede AV<\/span><\/a><a class=\"x1i10hfl xjbqb8w x6umtig x1b1mbwd xaqea5y xav7gou x9f619 x1ypdohk xt0psk2 xe8uvvx xdj266r x11i5rnm xat24cr x1mh8g0r xexx8yu x4uap5 x18d9i69 xkhd6sd x16tdsg8 x1hl2dhg xggy1nq x1a2a7pz xt0b8zv x1qq9wsj xo1l8bm\" tabindex=\"0\" role=\"link\" href=\"https:\/\/www.facebook.com\/MuniLaTinta2022?__cft__[0]=AZUR3i9aTmP7ffzGnjDggmIUytWoqd5UnPcuTjYtVE5TfQk7vHO_xD5OIa5rR6jf33gJ5vd58T15kz1HTgZf2W3M5M7GJnpjWhW8-Kpo4TfUcAsd2d17y9GVtlVWgvT4eYqVgOrglSBwb0B7v7Sy5oT8Jhp11Hqs6yN36me1WllH1xSTyWTzJLFXj9-vofUE3qg&amp;__tn__=-]K-R\"><span class=\"xt0psk2\">Muni La Tinta, Gobierno 2020 &#8211; 2024<\/span><\/a><\/div>\n<div dir=\"auto\"><a class=\"x1i10hfl xjbqb8w x6umtig x1b1mbwd xaqea5y xav7gou x9f619 x1ypdohk xt0psk2 xe8uvvx xdj266r x11i5rnm xat24cr x1mh8g0r xexx8yu x4uap5 x18d9i69 xkhd6sd x16tdsg8 x1hl2dhg xggy1nq x1a2a7pz xt0b8zv x1qq9wsj xo1l8bm\" tabindex=\"0\" role=\"link\" href=\"https:\/\/www.facebook.com\/hashtag\/elgobdelosguatemaltecos?__eep__=6&amp;__cft__[0]=AZUR3i9aTmP7ffzGnjDggmIUytWoqd5UnPcuTjYtVE5TfQk7vHO_xD5OIa5rR6jf33gJ5vd58T15kz1HTgZf2W3M5M7GJnpjWhW8-Kpo4TfUcAsd2d17y9GVtlVWgvT4eYqVgOrglSBwb0B7v7Sy5oT8Jhp11Hqs6yN36me1WllH1xSTyWTzJLFXj9-vofUE3qg&amp;__tn__=*NK-R\">#ElGobDeLosGuatemaltecos<\/a><\/div>\n<p>&nbsp;<\/p>\n<p>&nbsp;<\/p>\n<div><\/div>\n","protected":false},"excerpt":{"rendered":"<p>Con el inter\u00e9s de potenciar el progreso en el Departamento, el Sr. Gobernador de Alta Verapaz, el d\u00eda de hoy llev\u00f3 a cabo el acto de la firma de convenios de ejecuci\u00f3n de obra, entre Gobernaci\u00f3n Departamental de Alta Verapaz, el Consejo Departamental de Desarrollo y la Municipalidad de Santa Catalina la Tinta. Convenios que [&hellip;]<\/p>\n","protected":false},"author":1,"featured_media":14517,"comment_status":"closed","ping_status":"open","sticky":false,"template":"","format":"gallery","meta":[],"categories":[194],"tags":[178],"_links":{"self":[{"href":"https:\/\/gobernacionaltaverapaz.gob.gt\/index.php?rest_route=\/wp\/v2\/posts\/14519"}],"collection":[{"href":"https:\/\/gobernacionaltaverapaz.gob.gt\/index.php?rest_route=\/wp\/v2\/posts"}],"about":[{"href":"https:\/\/gobernacionaltaverapaz.gob.gt\/index.php?rest_route=\/wp\/v2\/types\/post"}],"author":[{"embeddable":true,"href":"https:\/\/gobernacionaltaverapaz.gob.gt\/index.php?rest_route=\/wp\/v2\/users\/1"}],"replies":[{"embeddable":true,"href":"https:\/\/gobernacionaltaverapaz.gob.gt\/index.php?rest_route=%2Fwp%2Fv2%2Fcomments&post=14519"}],"version-history":[{"count":1,"href":"https:\/\/gobernacionaltaverapaz.gob.gt\/index.php?rest_route=\/wp\/v2\/posts\/14519\/revisions"}],"predecessor-version":[{"id":14520,"href":"https:\/\/gobernacionaltaverapaz.gob.gt\/index.php?rest_route=\/wp\/v2\/posts\/14519\/revisions\/14520"}],"wp:featuredmedia":[{"embeddable":true,"href":"https:\/\/gobernacionaltaverapaz.gob.gt\/index.php?rest_route=\/wp\/v2\/media\/14517"}],"wp:attachment":[{"href":"https:\/\/gobernacionaltaverapaz.gob.gt\/index.php?rest_route=%2Fwp%2Fv2%2Fmedia&parent=14519"}],"wp:term":[{"taxonomy":"category","embeddable":true,"href":"https:\/\/gobernacionaltaverapaz.gob.gt\/index.php?rest_route=%2Fwp%2Fv2%2Fcategories&post=14519"},{"taxonomy":"post_tag","embeddable":true,"href":"https:\/\/gobernacionaltaverapaz.gob.gt\/index.php?rest_route=%2Fwp%2Fv2%2Ftags&post=14519"}],"curies":[{"name":"wp","href":"https:\/\/api.w.org\/{rel}","templated":true}]}}