{"id":14528,"date":"2023-02-22T16:33:42","date_gmt":"2023-02-22T22:33:42","guid":{"rendered":"https:\/\/gobernacionaltaverapaz.gob.gt\/?p=14528"},"modified":"2023-02-24T15:11:36","modified_gmt":"2023-02-24T21:11:36","slug":"taller-denominado-genero-atencin-bsica-en-ayuda-humanitaria","status":"publish","type":"post","link":"https:\/\/gobernacionaltaverapaz.gob.gt\/?p=14528","title":{"rendered":"Taller denominado Genero y Atenci\u00f3n B\u00e1sica en Ayuda Humanitaria"},"content":{"rendered":"<p style=\"text-align: justify;\"><span class=\"x193iq5w xeuugli x13faqbe x1vvkbs x1xmvt09 x1lliihq x1s928wv xhkezso x1gmr53x x1cpjm7i x1fgarty x1943h6x xudqn12 x3x7a5m x6prxxf xvq8zen xo1l8bm xzsf02u x1yc453h\" dir=\"auto\">En el Sal\u00f3n de las Am\u00e9ricas del Palacio de Gobernaci\u00f3n de Alta Verapaz, se llev\u00f3 a cabo taller denominado: GENERO Y ATENCION BASICA EN AYUDA HUMANITARIA, el cual estuvo impartido por delegados departamentales de la Secretaria de la Coordinadora Nacional para la Reducci\u00f3n de Desastres \u2013SE-CONRED- y ONU-MUJERES, en coordinaci\u00f3n con el Sr. Gobernador Departamental. Dicha actividad estuvo dirigida a jefes institucionales del territorio con el objetivo de fortalecer el sistema CODRED, en la preparaci\u00f3n ante cualquier eventualidad futura tomando como base el an\u00e1lisis de las emergencias que se han atendido para mejorar las futuras asistencias en el Departamento, as\u00ed mismo, poder diferenciar las necesidades entre hombres y mujeres, ni\u00f1as, ni\u00f1os y adultos mayores.<\/span><\/p>\n<p>&nbsp;<\/p>\n<p>&nbsp;<\/p>\n<div><\/div>\n","protected":false},"excerpt":{"rendered":"<p>En el Sal\u00f3n de las Am\u00e9ricas del Palacio de Gobernaci\u00f3n de Alta Verapaz, se llev\u00f3 a cabo taller denominado: GENERO Y ATENCION BASICA EN AYUDA HUMANITARIA, el cual estuvo impartido por delegados departamentales de la Secretaria de la Coordinadora Nacional para la Reducci\u00f3n de Desastres \u2013SE-CONRED- y ONU-MUJERES, en coordinaci\u00f3n con el Sr. Gobernador Departamental. [&hellip;]<\/p>\n","protected":false},"author":1,"featured_media":14522,"comment_status":"closed","ping_status":"open","sticky":false,"template":"","format":"gallery","meta":[],"categories":[194],"tags":[178],"_links":{"self":[{"href":"https:\/\/gobernacionaltaverapaz.gob.gt\/index.php?rest_route=\/wp\/v2\/posts\/14528"}],"collection":[{"href":"https:\/\/gobernacionaltaverapaz.gob.gt\/index.php?rest_route=\/wp\/v2\/posts"}],"about":[{"href":"https:\/\/gobernacionaltaverapaz.gob.gt\/index.php?rest_route=\/wp\/v2\/types\/post"}],"author":[{"embeddable":true,"href":"https:\/\/gobernacionaltaverapaz.gob.gt\/index.php?rest_route=\/wp\/v2\/users\/1"}],"replies":[{"embeddable":true,"href":"https:\/\/gobernacionaltaverapaz.gob.gt\/index.php?rest_route=%2Fwp%2Fv2%2Fcomments&post=14528"}],"version-history":[{"count":1,"href":"https:\/\/gobernacionaltaverapaz.gob.gt\/index.php?rest_route=\/wp\/v2\/posts\/14528\/revisions"}],"predecessor-version":[{"id":14529,"href":"https:\/\/gobernacionaltaverapaz.gob.gt\/index.php?rest_route=\/wp\/v2\/posts\/14528\/revisions\/14529"}],"wp:featuredmedia":[{"embeddable":true,"href":"https:\/\/gobernacionaltaverapaz.gob.gt\/index.php?rest_route=\/wp\/v2\/media\/14522"}],"wp:attachment":[{"href":"https:\/\/gobernacionaltaverapaz.gob.gt\/index.php?rest_route=%2Fwp%2Fv2%2Fmedia&parent=14528"}],"wp:term":[{"taxonomy":"category","embeddable":true,"href":"https:\/\/gobernacionaltaverapaz.gob.gt\/index.php?rest_route=%2Fwp%2Fv2%2Fcategories&post=14528"},{"taxonomy":"post_tag","embeddable":true,"href":"https:\/\/gobernacionaltaverapaz.gob.gt\/index.php?rest_route=%2Fwp%2Fv2%2Ftags&post=14528"}],"curies":[{"name":"wp","href":"https:\/\/api.w.org\/{rel}","templated":true}]}}