{"id":14545,"date":"2023-02-27T14:48:13","date_gmt":"2023-02-27T20:48:13","guid":{"rendered":"https:\/\/gobernacionaltaverapaz.gob.gt\/?p=14545"},"modified":"2023-03-07T11:29:59","modified_gmt":"2023-03-07T17:29:59","slug":"segunda-reunin-ordinaria-del-ejercicio-fiscal-2023","status":"publish","type":"post","link":"https:\/\/gobernacionaltaverapaz.gob.gt\/?p=14545","title":{"rendered":"Segunda Reuni\u00f3n Ordinaria del Ejercicio Fiscal 2023"},"content":{"rendered":"<p>Derivado a la coordinaci\u00f3n que se realiza cada mes con las diferentes Instituciones representadas ante el organismo colegiado del <a class=\"x1i10hfl xjbqb8w x6umtig x1b1mbwd xaqea5y xav7gou x9f619 x1ypdohk xt0psk2 xe8uvvx xdj266r x11i5rnm xat24cr x1mh8g0r xexx8yu x4uap5 x18d9i69 xkhd6sd x16tdsg8 x1hl2dhg xggy1nq x1a2a7pz xt0b8zv x1qq9wsj xo1l8bm\" tabindex=\"0\" role=\"link\" href=\"https:\/\/www.facebook.com\/codede.av?__cft__[0]=AZUS3oGcg4gJVkLb0KAz-d5PnSGh48hi13fBTT9AaOT0NE4SVCMMwvpoDSbpWAm38jGY84V3L0RQJfxo4yRymgauPVB0OmySoyClYdU9Ay8bACfRikPyggiXBFUUz6qOstsj56DU7uhWSoOyHaxED4We1u2cxcRa85zsuJYytS12MvuuYJnthT7dKeEvgSs10y8&amp;__tn__=-]K-R\"><span class=\"xt0psk2\">Codede AV<\/span><\/a>, para consensuar los diferentes temas que encaminan el Desarrollo de los 17 Municipios del Departamento de <a class=\"x1i10hfl xjbqb8w x6umtig x1b1mbwd xaqea5y xav7gou x9f619 x1ypdohk xt0psk2 xe8uvvx xdj266r x11i5rnm xat24cr x1mh8g0r xexx8yu x4uap5 x18d9i69 xkhd6sd x16tdsg8 x1hl2dhg xggy1nq x1a2a7pz xt0b8zv x1qq9wsj xo1l8bm\" tabindex=\"0\" role=\"link\" href=\"https:\/\/www.facebook.com\/hashtag\/altaverapaz?__eep__=6&amp;__cft__[0]=AZUS3oGcg4gJVkLb0KAz-d5PnSGh48hi13fBTT9AaOT0NE4SVCMMwvpoDSbpWAm38jGY84V3L0RQJfxo4yRymgauPVB0OmySoyClYdU9Ay8bACfRikPyggiXBFUUz6qOstsj56DU7uhWSoOyHaxED4We1u2cxcRa85zsuJYytS12MvuuYJnthT7dKeEvgSs10y8&amp;__tn__=*NK-R\">#AltaVerapaz<\/a><\/p>\n<div class=\"x11i5rnm xat24cr x1mh8g0r x1vvkbs xdj266r x126k92a\">\n<div dir=\"auto\">El d\u00eda de hoy en el sal\u00f3n de las Am\u00e9ricas, del Palacio de Gobernaci\u00f3n, se llev\u00f3 a cabo la Segunda Reuni\u00f3n Ordinaria del Ejercicio Fiscal 2023.<\/div>\n<\/div>\n<div class=\"x11i5rnm xat24cr x1mh8g0r x1vvkbs xtlvy1s x126k92a\">\n<div dir=\"auto\">Como punto de inicio de la reuni\u00f3n se procedi\u00f3 a dar lectura a la agenda a desarrollar.<\/div>\n<div dir=\"auto\">Informe De An\u00e1lisis de la Comisi\u00f3n de Pueblos Ind\u00edgenas.<\/div>\n<div dir=\"auto\" style=\"text-align: justify;\">Socializaci\u00f3n Punto Resolutivo 01-2023 del CONADUR<\/div>\n<div dir=\"auto\" style=\"text-align: justify;\">Aprobaci\u00f3n de Instrumentos de Planificaci\u00f3n del CODEDEAV<\/div>\n<div dir=\"auto\" style=\"text-align: justify;\">La Directora Ejecutiva del Consejo de Desarrollo, inform\u00f3 sobre los Avances F\u00edsicos y financieros de proyectos con recursos IVA Paz 2023.<\/div>\n<div dir=\"auto\" style=\"text-align: justify;\">Procesos para la Formulaci\u00f3n de Propuesta de Inversi\u00f3n 2024<\/div>\n<div dir=\"auto\" style=\"text-align: justify;\">Presentaci\u00f3n del Informe Meteorol\u00f3gico del INSIVUMHE<\/div>\n<\/div>\n<div class=\"x11i5rnm xat24cr x1mh8g0r x1vvkbs xtlvy1s x126k92a\">\n<div dir=\"auto\" style=\"text-align: justify;\">El Presidente del Consejo Departamental de Desarrollo de Alta Verapaz hizo extensivo ante el pleno, el agradecimiento por el inter\u00e9s manifestado en Pro del Desarrollo del Departamento de Alta Verapaz.<\/div>\n<div dir=\"auto\"><\/div>\n<div dir=\"auto\"><a class=\"x1i10hfl xjbqb8w x6umtig x1b1mbwd xaqea5y xav7gou x9f619 x1ypdohk xt0psk2 xe8uvvx xdj266r x11i5rnm xat24cr x1mh8g0r xexx8yu x4uap5 x18d9i69 xkhd6sd x16tdsg8 x1hl2dhg xggy1nq x1a2a7pz xt0b8zv x1qq9wsj xo1l8bm\" tabindex=\"0\" role=\"link\" href=\"https:\/\/www.facebook.com\/codede.av?__cft__[0]=AZUS3oGcg4gJVkLb0KAz-d5PnSGh48hi13fBTT9AaOT0NE4SVCMMwvpoDSbpWAm38jGY84V3L0RQJfxo4yRymgauPVB0OmySoyClYdU9Ay8bACfRikPyggiXBFUUz6qOstsj56DU7uhWSoOyHaxED4We1u2cxcRa85zsuJYytS12MvuuYJnthT7dKeEvgSs10y8&amp;__tn__=-]K-R\"><span class=\"xt0psk2\">Codede AV<\/span><\/a> <a class=\"x1i10hfl xjbqb8w x6umtig x1b1mbwd xaqea5y xav7gou x9f619 x1ypdohk xt0psk2 xe8uvvx xdj266r x11i5rnm xat24cr x1mh8g0r xexx8yu x4uap5 x18d9i69 xkhd6sd x16tdsg8 x1hl2dhg xggy1nq x1a2a7pz xt0b8zv x1qq9wsj xo1l8bm\" tabindex=\"0\" role=\"link\" href=\"https:\/\/www.facebook.com\/COREDUR.Norte?__cft__[0]=AZUS3oGcg4gJVkLb0KAz-d5PnSGh48hi13fBTT9AaOT0NE4SVCMMwvpoDSbpWAm38jGY84V3L0RQJfxo4yRymgauPVB0OmySoyClYdU9Ay8bACfRikPyggiXBFUUz6qOstsj56DU7uhWSoOyHaxED4We1u2cxcRa85zsuJYytS12MvuuYJnthT7dKeEvgSs10y8&amp;__tn__=-]K-R\"><span class=\"xt0psk2\">Coredur Regi\u00f3n Norte<\/span><\/a> <a class=\"x1i10hfl xjbqb8w x6umtig x1b1mbwd xaqea5y xav7gou x9f619 x1ypdohk xt0psk2 xe8uvvx xdj266r x11i5rnm xat24cr x1mh8g0r xexx8yu x4uap5 x18d9i69 xkhd6sd x16tdsg8 x1hl2dhg xggy1nq x1a2a7pz xt0b8zv x1qq9wsj xo1l8bm\" tabindex=\"0\" role=\"link\" href=\"https:\/\/www.facebook.com\/SegeplanGT?__cft__[0]=AZUS3oGcg4gJVkLb0KAz-d5PnSGh48hi13fBTT9AaOT0NE4SVCMMwvpoDSbpWAm38jGY84V3L0RQJfxo4yRymgauPVB0OmySoyClYdU9Ay8bACfRikPyggiXBFUUz6qOstsj56DU7uhWSoOyHaxED4We1u2cxcRa85zsuJYytS12MvuuYJnthT7dKeEvgSs10y8&amp;__tn__=-]K-R\"><span class=\"xt0psk2\">SEGEPLAN Guatemala<\/span><\/a><\/div>\n<div dir=\"auto\"><a class=\"x1i10hfl xjbqb8w x6umtig x1b1mbwd xaqea5y xav7gou x9f619 x1ypdohk xt0psk2 xe8uvvx xdj266r x11i5rnm xat24cr x1mh8g0r xexx8yu x4uap5 x18d9i69 xkhd6sd x16tdsg8 x1hl2dhg xggy1nq x1a2a7pz xt0b8zv x1qq9wsj xo1l8bm\" tabindex=\"0\" role=\"link\" href=\"https:\/\/www.facebook.com\/hashtag\/elgobdelosguatemaltecos?__eep__=6&amp;__cft__[0]=AZUS3oGcg4gJVkLb0KAz-d5PnSGh48hi13fBTT9AaOT0NE4SVCMMwvpoDSbpWAm38jGY84V3L0RQJfxo4yRymgauPVB0OmySoyClYdU9Ay8bACfRikPyggiXBFUUz6qOstsj56DU7uhWSoOyHaxED4We1u2cxcRa85zsuJYytS12MvuuYJnthT7dKeEvgSs10y8&amp;__tn__=*NK-R\">#ElGobDeLosGuatemaltecos<\/a> <a class=\"x1i10hfl xjbqb8w x6umtig x1b1mbwd xaqea5y xav7gou x9f619 x1ypdohk xt0psk2 xe8uvvx xdj266r x11i5rnm xat24cr x1mh8g0r xexx8yu x4uap5 x18d9i69 xkhd6sd x16tdsg8 x1hl2dhg xggy1nq x1a2a7pz xt0b8zv x1qq9wsj xo1l8bm\" tabindex=\"0\" role=\"link\" href=\"https:\/\/www.facebook.com\/hashtag\/altaverapaz?__eep__=6&amp;__cft__[0]=AZUS3oGcg4gJVkLb0KAz-d5PnSGh48hi13fBTT9AaOT0NE4SVCMMwvpoDSbpWAm38jGY84V3L0RQJfxo4yRymgauPVB0OmySoyClYdU9Ay8bACfRikPyggiXBFUUz6qOstsj56DU7uhWSoOyHaxED4We1u2cxcRa85zsuJYytS12MvuuYJnthT7dKeEvgSs10y8&amp;__tn__=*NK-R\">#AltaVerapaz<\/a><\/div>\n<\/div>\n<p>&nbsp;<\/p>\n<p>&nbsp;<\/p>\n<div><\/div>\n","protected":false},"excerpt":{"rendered":"<p>Derivado a la coordinaci\u00f3n que se realiza cada mes con las diferentes Instituciones representadas ante el organismo colegiado del Codede AV, para consensuar los diferentes temas que encaminan el Desarrollo de los 17 Municipios del Departamento de #AltaVerapaz El d\u00eda de hoy en el sal\u00f3n de las Am\u00e9ricas, del Palacio de Gobernaci\u00f3n, se llev\u00f3 a [&hellip;]<\/p>\n","protected":false},"author":1,"featured_media":14538,"comment_status":"closed","ping_status":"open","sticky":false,"template":"","format":"gallery","meta":[],"categories":[194],"tags":[178],"_links":{"self":[{"href":"https:\/\/gobernacionaltaverapaz.gob.gt\/index.php?rest_route=\/wp\/v2\/posts\/14545"}],"collection":[{"href":"https:\/\/gobernacionaltaverapaz.gob.gt\/index.php?rest_route=\/wp\/v2\/posts"}],"about":[{"href":"https:\/\/gobernacionaltaverapaz.gob.gt\/index.php?rest_route=\/wp\/v2\/types\/post"}],"author":[{"embeddable":true,"href":"https:\/\/gobernacionaltaverapaz.gob.gt\/index.php?rest_route=\/wp\/v2\/users\/1"}],"replies":[{"embeddable":true,"href":"https:\/\/gobernacionaltaverapaz.gob.gt\/index.php?rest_route=%2Fwp%2Fv2%2Fcomments&post=14545"}],"version-history":[{"count":2,"href":"https:\/\/gobernacionaltaverapaz.gob.gt\/index.php?rest_route=\/wp\/v2\/posts\/14545\/revisions"}],"predecessor-version":[{"id":14547,"href":"https:\/\/gobernacionaltaverapaz.gob.gt\/index.php?rest_route=\/wp\/v2\/posts\/14545\/revisions\/14547"}],"wp:featuredmedia":[{"embeddable":true,"href":"https:\/\/gobernacionaltaverapaz.gob.gt\/index.php?rest_route=\/wp\/v2\/media\/14538"}],"wp:attachment":[{"href":"https:\/\/gobernacionaltaverapaz.gob.gt\/index.php?rest_route=%2Fwp%2Fv2%2Fmedia&parent=14545"}],"wp:term":[{"taxonomy":"category","embeddable":true,"href":"https:\/\/gobernacionaltaverapaz.gob.gt\/index.php?rest_route=%2Fwp%2Fv2%2Fcategories&post=14545"},{"taxonomy":"post_tag","embeddable":true,"href":"https:\/\/gobernacionaltaverapaz.gob.gt\/index.php?rest_route=%2Fwp%2Fv2%2Ftags&post=14545"}],"curies":[{"name":"wp","href":"https:\/\/api.w.org\/{rel}","templated":true}]}}