{"id":14551,"date":"2023-02-27T14:52:13","date_gmt":"2023-02-27T20:52:13","guid":{"rendered":"https:\/\/gobernacionaltaverapaz.gob.gt\/?p=14551"},"modified":"2023-03-07T11:50:06","modified_gmt":"2023-03-07T17:50:06","slug":"firma-de-convenio-para-la-contratacin-de-obras-en-municipalidad-de-panzs","status":"publish","type":"post","link":"https:\/\/gobernacionaltaverapaz.gob.gt\/?p=14551","title":{"rendered":"Firma de convenio para la contrataci\u00f3n de obras en Municipalidad de Panz\u00f3s"},"content":{"rendered":"<div class=\"x11i5rnm xat24cr x1mh8g0r x1vvkbs xdj266r x126k92a\">\n<div dir=\"auto\" style=\"text-align: justify;\">Fortalecer el desarrollo integral del Departamento de Alta Verapaz, es una instrucci\u00f3n del Sr. Presidente Constitucional de la Rep\u00fablica, derivado de ello se llev\u00f3 a cabo el Acto de la Firma de Convenios entre Gobernaci\u00f3n Departamental de Alta Verapaz, El Consejo Departamental de Desarrollo y la Municipalidad de Panz\u00f3s, Dichos convenios son firmados para la contrataci\u00f3n de obras con fondos del aporte asignado para el A\u00f1o 2023.<\/div>\n<div dir=\"auto\" style=\"text-align: justify;\">Los convenios firmados permitir\u00e1n la ejecuci\u00f3n en este a\u00f1o de los siguientes proyectos:<\/div>\n<\/div>\n<div class=\"x11i5rnm xat24cr x1mh8g0r x1vvkbs xtlvy1s x126k92a\">\n<div dir=\"auto\" style=\"text-align: justify;\">Mejoramiento Calle Caser\u00edo CACAVILA.<\/div>\n<div dir=\"auto\" style=\"text-align: justify;\">Mejoramiento de Calle Aldea TELEMAN, Panz\u00f3s, Alta Verapaz.<\/div>\n<\/div>\n<div dir=\"auto\"><\/div>\n<div class=\"x11i5rnm xat24cr x1mh8g0r x1vvkbs xtlvy1s x126k92a\">\n<div dir=\"auto\"><a class=\"x1i10hfl xjbqb8w x6umtig x1b1mbwd xaqea5y xav7gou x9f619 x1ypdohk xt0psk2 xe8uvvx xdj266r x11i5rnm xat24cr x1mh8g0r xexx8yu x4uap5 x18d9i69 xkhd6sd x16tdsg8 x1hl2dhg xggy1nq x1a2a7pz xt0b8zv x1qq9wsj xo1l8bm\" tabindex=\"0\" role=\"link\" href=\"https:\/\/www.facebook.com\/codede.av?__cft__[0]=AZWDAKqnU8s13jwucqPo_xIN6wlVOoC-U2Gmo7dj7sHw8MyNHKyJ-6eLKcCFdoFLiLj1ZzEzlr4ZYDruah__-uVtGOuS7ITn3xRdedey5lP_U4D1wVp9JtH9RJVfG8uXb7HEdaMnm5GYfM9_N2KDkqIc4xpGr8m2_Mqfv18n--N0i_kjHdaldPOazlFvOt5AF5Y&amp;__tn__=-]K-R\"><span class=\"xt0psk2\">Codede AV<\/span><\/a><a class=\"x1i10hfl xjbqb8w x6umtig x1b1mbwd xaqea5y xav7gou x9f619 x1ypdohk xt0psk2 xe8uvvx xdj266r x11i5rnm xat24cr x1mh8g0r xexx8yu x4uap5 x18d9i69 xkhd6sd x16tdsg8 x1hl2dhg xggy1nq x1a2a7pz xt0b8zv x1qq9wsj xo1l8bm\" tabindex=\"0\" role=\"link\" href=\"https:\/\/www.facebook.com\/profile.php?id=100027942715316&amp;__cft__[0]=AZWDAKqnU8s13jwucqPo_xIN6wlVOoC-U2Gmo7dj7sHw8MyNHKyJ-6eLKcCFdoFLiLj1ZzEzlr4ZYDruah__-uVtGOuS7ITn3xRdedey5lP_U4D1wVp9JtH9RJVfG8uXb7HEdaMnm5GYfM9_N2KDkqIc4xpGr8m2_Mqfv18n--N0i_kjHdaldPOazlFvOt5AF5Y&amp;__tn__=-]K-R\"><span class=\"xt0psk2\">Municipalidad de Panzos 2020-2024<\/span><\/a><\/div>\n<div dir=\"auto\"><a class=\"x1i10hfl xjbqb8w x6umtig x1b1mbwd xaqea5y xav7gou x9f619 x1ypdohk xt0psk2 xe8uvvx xdj266r x11i5rnm xat24cr x1mh8g0r xexx8yu x4uap5 x18d9i69 xkhd6sd x16tdsg8 x1hl2dhg xggy1nq x1a2a7pz xt0b8zv x1qq9wsj xo1l8bm\" tabindex=\"0\" role=\"link\" href=\"https:\/\/www.facebook.com\/hashtag\/elgobdelosguatemaltecos?__eep__=6&amp;__cft__[0]=AZWDAKqnU8s13jwucqPo_xIN6wlVOoC-U2Gmo7dj7sHw8MyNHKyJ-6eLKcCFdoFLiLj1ZzEzlr4ZYDruah__-uVtGOuS7ITn3xRdedey5lP_U4D1wVp9JtH9RJVfG8uXb7HEdaMnm5GYfM9_N2KDkqIc4xpGr8m2_Mqfv18n--N0i_kjHdaldPOazlFvOt5AF5Y&amp;__tn__=*NK-R\">#ElGobDeLosGuatemaltecos<\/a><\/div>\n<\/div>\n<div dir=\"auto\"><\/div>\n<div dir=\"auto\"><\/div>\n<div dir=\"auto\"><\/div>\n<div dir=\"auto\"><\/div>\n<div dir=\"auto\"><\/div>\n<div dir=\"auto\">\n<div><\/div>\n<\/div>\n<p>&nbsp;<\/p>\n","protected":false},"excerpt":{"rendered":"<p>Fortalecer el desarrollo integral del Departamento de Alta Verapaz, es una instrucci\u00f3n del Sr. Presidente Constitucional de la Rep\u00fablica, derivado de ello se llev\u00f3 a cabo el Acto de la Firma de Convenios entre Gobernaci\u00f3n Departamental de Alta Verapaz, El Consejo Departamental de Desarrollo y la Municipalidad de Panz\u00f3s, Dichos convenios son firmados para la [&hellip;]<\/p>\n","protected":false},"author":1,"featured_media":14548,"comment_status":"closed","ping_status":"open","sticky":false,"template":"","format":"gallery","meta":[],"categories":[4],"tags":[178],"_links":{"self":[{"href":"https:\/\/gobernacionaltaverapaz.gob.gt\/index.php?rest_route=\/wp\/v2\/posts\/14551"}],"collection":[{"href":"https:\/\/gobernacionaltaverapaz.gob.gt\/index.php?rest_route=\/wp\/v2\/posts"}],"about":[{"href":"https:\/\/gobernacionaltaverapaz.gob.gt\/index.php?rest_route=\/wp\/v2\/types\/post"}],"author":[{"embeddable":true,"href":"https:\/\/gobernacionaltaverapaz.gob.gt\/index.php?rest_route=\/wp\/v2\/users\/1"}],"replies":[{"embeddable":true,"href":"https:\/\/gobernacionaltaverapaz.gob.gt\/index.php?rest_route=%2Fwp%2Fv2%2Fcomments&post=14551"}],"version-history":[{"count":1,"href":"https:\/\/gobernacionaltaverapaz.gob.gt\/index.php?rest_route=\/wp\/v2\/posts\/14551\/revisions"}],"predecessor-version":[{"id":14552,"href":"https:\/\/gobernacionaltaverapaz.gob.gt\/index.php?rest_route=\/wp\/v2\/posts\/14551\/revisions\/14552"}],"wp:featuredmedia":[{"embeddable":true,"href":"https:\/\/gobernacionaltaverapaz.gob.gt\/index.php?rest_route=\/wp\/v2\/media\/14548"}],"wp:attachment":[{"href":"https:\/\/gobernacionaltaverapaz.gob.gt\/index.php?rest_route=%2Fwp%2Fv2%2Fmedia&parent=14551"}],"wp:term":[{"taxonomy":"category","embeddable":true,"href":"https:\/\/gobernacionaltaverapaz.gob.gt\/index.php?rest_route=%2Fwp%2Fv2%2Fcategories&post=14551"},{"taxonomy":"post_tag","embeddable":true,"href":"https:\/\/gobernacionaltaverapaz.gob.gt\/index.php?rest_route=%2Fwp%2Fv2%2Ftags&post=14551"}],"curies":[{"name":"wp","href":"https:\/\/api.w.org\/{rel}","templated":true}]}}