{"id":14562,"date":"2023-03-01T19:37:50","date_gmt":"2023-03-02T01:37:50","guid":{"rendered":"https:\/\/gobernacionaltaverapaz.gob.gt\/?p=14562"},"modified":"2023-03-07T12:26:00","modified_gmt":"2023-03-07T18:26:00","slug":"seguimiento-al-proyecto-de-construccin-del-nuevo-hospital-de-cobn","status":"publish","type":"post","link":"https:\/\/gobernacionaltaverapaz.gob.gt\/?p=14562","title":{"rendered":"Seguimiento al proyecto de Construcci\u00f3n del Nuevo Hospital de Cob\u00e1n"},"content":{"rendered":"<p style=\"text-align: justify;\"><span class=\"x193iq5w xeuugli x13faqbe x1vvkbs x1xmvt09 x1lliihq x1s928wv xhkezso x1gmr53x x1cpjm7i x1fgarty x1943h6x xudqn12 x3x7a5m x6prxxf xvq8zen xo1l8bm xzsf02u x1yc453h\" dir=\"auto\">En seguimiento al proyecto de Construcci\u00f3n del Nuevo Hospital de Coban, El d\u00eda de hoy el Sr. Gobernador de Alta verapaz en compa\u00f1ia de un representante del Congreso de la Rep\u00fablica, sostuvieron reuni\u00f3n con el director y subdirector de bienes del estado con la finalidad de agilizar el tr\u00e1mite del traslado del terreno para la ejecucion de dicho proyecto. Dicha Reuni\u00f3n dio lugar a una visita de campo para el d\u00eda lunes 6 de marzo de parte de esa entidad como una \u00faltima gesti\u00f3n para que el bien inmueble pase a nombre del Ministerio de Salud P\u00fablica y Asistencia Social.<\/span><\/p>\n<p>&nbsp;<\/p>\n<p><img decoding=\"async\" loading=\"lazy\" class=\"alignnone size-full wp-image-14563\" src=\"https:\/\/gobernacionaltaverapaz.gob.gt\/wp-content\/uploads\/2023\/03\/01-3.jpg\" alt=\"\" width=\"900\" height=\"600\" srcset=\"https:\/\/gobernacionaltaverapaz.gob.gt\/wp-content\/uploads\/2023\/03\/01-3.jpg 900w, https:\/\/gobernacionaltaverapaz.gob.gt\/wp-content\/uploads\/2023\/03\/01-3-300x200.jpg 300w, https:\/\/gobernacionaltaverapaz.gob.gt\/wp-content\/uploads\/2023\/03\/01-3-768x512.jpg 768w\" sizes=\"(max-width: 900px) 100vw, 900px\" \/><\/p>\n","protected":false},"excerpt":{"rendered":"<p>En seguimiento al proyecto de Construcci\u00f3n del Nuevo Hospital de Coban, El d\u00eda de hoy el Sr. Gobernador de Alta verapaz en compa\u00f1ia de un representante del Congreso de la Rep\u00fablica, sostuvieron reuni\u00f3n con el director y subdirector de bienes del estado con la finalidad de agilizar el tr\u00e1mite del traslado del terreno para la [&hellip;]<\/p>\n","protected":false},"author":1,"featured_media":14564,"comment_status":"closed","ping_status":"open","sticky":false,"template":"","format":"standard","meta":[],"categories":[195],"tags":[178],"_links":{"self":[{"href":"https:\/\/gobernacionaltaverapaz.gob.gt\/index.php?rest_route=\/wp\/v2\/posts\/14562"}],"collection":[{"href":"https:\/\/gobernacionaltaverapaz.gob.gt\/index.php?rest_route=\/wp\/v2\/posts"}],"about":[{"href":"https:\/\/gobernacionaltaverapaz.gob.gt\/index.php?rest_route=\/wp\/v2\/types\/post"}],"author":[{"embeddable":true,"href":"https:\/\/gobernacionaltaverapaz.gob.gt\/index.php?rest_route=\/wp\/v2\/users\/1"}],"replies":[{"embeddable":true,"href":"https:\/\/gobernacionaltaverapaz.gob.gt\/index.php?rest_route=%2Fwp%2Fv2%2Fcomments&post=14562"}],"version-history":[{"count":2,"href":"https:\/\/gobernacionaltaverapaz.gob.gt\/index.php?rest_route=\/wp\/v2\/posts\/14562\/revisions"}],"predecessor-version":[{"id":14566,"href":"https:\/\/gobernacionaltaverapaz.gob.gt\/index.php?rest_route=\/wp\/v2\/posts\/14562\/revisions\/14566"}],"wp:featuredmedia":[{"embeddable":true,"href":"https:\/\/gobernacionaltaverapaz.gob.gt\/index.php?rest_route=\/wp\/v2\/media\/14564"}],"wp:attachment":[{"href":"https:\/\/gobernacionaltaverapaz.gob.gt\/index.php?rest_route=%2Fwp%2Fv2%2Fmedia&parent=14562"}],"wp:term":[{"taxonomy":"category","embeddable":true,"href":"https:\/\/gobernacionaltaverapaz.gob.gt\/index.php?rest_route=%2Fwp%2Fv2%2Fcategories&post=14562"},{"taxonomy":"post_tag","embeddable":true,"href":"https:\/\/gobernacionaltaverapaz.gob.gt\/index.php?rest_route=%2Fwp%2Fv2%2Ftags&post=14562"}],"curies":[{"name":"wp","href":"https:\/\/api.w.org\/{rel}","templated":true}]}}