{"id":14588,"date":"2023-03-02T17:09:32","date_gmt":"2023-03-02T23:09:32","guid":{"rendered":"https:\/\/gobernacionaltaverapaz.gob.gt\/?p=14588"},"modified":"2023-04-10T12:02:59","modified_gmt":"2023-04-10T18:02:59","slug":"mesa-tcnica-permanente-de-prevencin-de-la-violencia-3","status":"publish","type":"post","link":"https:\/\/gobernacionaltaverapaz.gob.gt\/?p=14588","title":{"rendered":"Mesa T\u00e9cnica Permanente de Prevenci\u00f3n de la Violencia"},"content":{"rendered":"<div dir=\"auto\" style=\"text-align: justify;\">En seguimiento a la Mesa T\u00e9cnica Permanente De Prevenci\u00f3n De La Violencia, instalada en el departamento de Alta Verapaz, el Sr. Gobernador, sostuvo reuni\u00f3n con delgados de la Agencia Fiscal de la Mujer del MP, Oficina de Atenci\u00f3n a la Victima del MP, Unidad para la Prevenci\u00f3n Comunitaria de la Violencia UPCV, Secretaria Presidencial de la Mujer \u2013SEPREM y Centro Universitario del Norte CUNOR, con el objetivo de Coordinar acciones en conmemoraci\u00f3n del d\u00eda Internacional de la Mujer.<\/div>\n<div dir=\"auto\"><\/div>\n<div dir=\"auto\">Ministerio P\u00fablico de Guatemala <a class=\"x1i10hfl xjbqb8w x6umtig x1b1mbwd xaqea5y xav7gou x9f619 x1ypdohk xt0psk2 xe8uvvx xdj266r x11i5rnm xat24cr x1mh8g0r xexx8yu x4uap5 x18d9i69 xkhd6sd x16tdsg8 x1hl2dhg xggy1nq x1a2a7pz xt0b8zv x1qq9wsj xo1l8bm\" tabindex=\"0\" role=\"link\" href=\"https:\/\/www.facebook.com\/UPCVGuatemala\/?__cft__[0]=AZW9taWBx7woT8-USz6Loa9FgbiW6ULZhNnXparYIDGOz2-T6RGD6IcI-wraQwkNA574YzE2cmxWmQ9Rp11MKT7vkgIj7-hYon-YAERrfJfYE5kO4MzJopFb48PS22mbB6sUrCZsXJku3fsgMMWFWhZ3ybxFnMtGJj9laP4x9pLULtoo3rYfKKePp-foxg3z_BtxsptYFnuqWE6myqicAWpY6f4lrxOWEnayJd6Sryr0jQ&amp;__tn__=kK-R\"><span class=\"xt0psk2\">Unidad Para La Prevenci\u00f3n Comunitaria De La Violencia &#8211; UPCV.<\/span><\/a> <a class=\"x1i10hfl xjbqb8w x6umtig x1b1mbwd xaqea5y xav7gou x9f619 x1ypdohk xt0psk2 xe8uvvx xdj266r x11i5rnm xat24cr x1mh8g0r xexx8yu x4uap5 x18d9i69 xkhd6sd x16tdsg8 x1hl2dhg xggy1nq x1a2a7pz xt0b8zv x1qq9wsj xo1l8bm\" tabindex=\"0\" role=\"link\" href=\"https:\/\/www.facebook.com\/SEPREM?__cft__[0]=AZW9taWBx7woT8-USz6Loa9FgbiW6ULZhNnXparYIDGOz2-T6RGD6IcI-wraQwkNA574YzE2cmxWmQ9Rp11MKT7vkgIj7-hYon-YAERrfJfYE5kO4MzJopFb48PS22mbB6sUrCZsXJku3fsgMMWFWhZ3ybxFnMtGJj9laP4x9pLULtoo3rYfKKePp-foxg3z_BtxsptYFnuqWE6myqicAWpY6f4lrxOWEnayJd6Sryr0jQ&amp;__tn__=-]K-R\"><span class=\"xt0psk2\">Secretar\u00eda Presidencial de la Mujer, Seprem Guatemala<\/span><\/a> <a class=\"x1i10hfl xjbqb8w x6umtig x1b1mbwd xaqea5y xav7gou x9f619 x1ypdohk xt0psk2 xe8uvvx xdj266r x11i5rnm xat24cr x1mh8g0r xexx8yu x4uap5 x18d9i69 xkhd6sd x16tdsg8 x1hl2dhg xggy1nq x1a2a7pz xt0b8zv x1qq9wsj xo1l8bm\" tabindex=\"0\" role=\"link\" href=\"https:\/\/www.facebook.com\/paginacunor?__cft__[0]=AZW9taWBx7woT8-USz6Loa9FgbiW6ULZhNnXparYIDGOz2-T6RGD6IcI-wraQwkNA574YzE2cmxWmQ9Rp11MKT7vkgIj7-hYon-YAERrfJfYE5kO4MzJopFb48PS22mbB6sUrCZsXJku3fsgMMWFWhZ3ybxFnMtGJj9laP4x9pLULtoo3rYfKKePp-foxg3z_BtxsptYFnuqWE6myqicAWpY6f4lrxOWEnayJd6Sryr0jQ&amp;__tn__=-]K-R\"><span class=\"xt0psk2\">Centro Universitario del Norte<\/span><\/a><\/div>\n<div dir=\"auto\"><a class=\"x1i10hfl xjbqb8w x6umtig x1b1mbwd xaqea5y xav7gou x9f619 x1ypdohk xt0psk2 xe8uvvx xdj266r x11i5rnm xat24cr x1mh8g0r xexx8yu x4uap5 x18d9i69 xkhd6sd x16tdsg8 x1hl2dhg xggy1nq x1a2a7pz xt0b8zv x1qq9wsj xo1l8bm\" tabindex=\"0\" role=\"link\" href=\"https:\/\/www.facebook.com\/hashtag\/altaverapaz?__eep__=6&amp;__cft__[0]=AZW9taWBx7woT8-USz6Loa9FgbiW6ULZhNnXparYIDGOz2-T6RGD6IcI-wraQwkNA574YzE2cmxWmQ9Rp11MKT7vkgIj7-hYon-YAERrfJfYE5kO4MzJopFb48PS22mbB6sUrCZsXJku3fsgMMWFWhZ3ybxFnMtGJj9laP4x9pLULtoo3rYfKKePp-foxg3z_BtxsptYFnuqWE6myqicAWpY6f4lrxOWEnayJd6Sryr0jQ&amp;__tn__=*NK-R\">#AltaVerapaz<\/a><\/div>\n<p>&nbsp;<\/p>\n<p>&nbsp;<\/p>\n<div><\/div>\n","protected":false},"excerpt":{"rendered":"<p>En seguimiento a la Mesa T\u00e9cnica Permanente De Prevenci\u00f3n De La Violencia, instalada en el departamento de Alta Verapaz, el Sr. Gobernador, sostuvo reuni\u00f3n con delgados de la Agencia Fiscal de la Mujer del MP, Oficina de Atenci\u00f3n a la Victima del MP, Unidad para la Prevenci\u00f3n Comunitaria de la Violencia UPCV, Secretaria Presidencial de [&hellip;]<\/p>\n","protected":false},"author":1,"featured_media":14583,"comment_status":"closed","ping_status":"open","sticky":false,"template":"","format":"gallery","meta":[],"categories":[183],"tags":[178],"_links":{"self":[{"href":"https:\/\/gobernacionaltaverapaz.gob.gt\/index.php?rest_route=\/wp\/v2\/posts\/14588"}],"collection":[{"href":"https:\/\/gobernacionaltaverapaz.gob.gt\/index.php?rest_route=\/wp\/v2\/posts"}],"about":[{"href":"https:\/\/gobernacionaltaverapaz.gob.gt\/index.php?rest_route=\/wp\/v2\/types\/post"}],"author":[{"embeddable":true,"href":"https:\/\/gobernacionaltaverapaz.gob.gt\/index.php?rest_route=\/wp\/v2\/users\/1"}],"replies":[{"embeddable":true,"href":"https:\/\/gobernacionaltaverapaz.gob.gt\/index.php?rest_route=%2Fwp%2Fv2%2Fcomments&post=14588"}],"version-history":[{"count":2,"href":"https:\/\/gobernacionaltaverapaz.gob.gt\/index.php?rest_route=\/wp\/v2\/posts\/14588\/revisions"}],"predecessor-version":[{"id":14590,"href":"https:\/\/gobernacionaltaverapaz.gob.gt\/index.php?rest_route=\/wp\/v2\/posts\/14588\/revisions\/14590"}],"wp:featuredmedia":[{"embeddable":true,"href":"https:\/\/gobernacionaltaverapaz.gob.gt\/index.php?rest_route=\/wp\/v2\/media\/14583"}],"wp:attachment":[{"href":"https:\/\/gobernacionaltaverapaz.gob.gt\/index.php?rest_route=%2Fwp%2Fv2%2Fmedia&parent=14588"}],"wp:term":[{"taxonomy":"category","embeddable":true,"href":"https:\/\/gobernacionaltaverapaz.gob.gt\/index.php?rest_route=%2Fwp%2Fv2%2Fcategories&post=14588"},{"taxonomy":"post_tag","embeddable":true,"href":"https:\/\/gobernacionaltaverapaz.gob.gt\/index.php?rest_route=%2Fwp%2Fv2%2Ftags&post=14588"}],"curies":[{"name":"wp","href":"https:\/\/api.w.org\/{rel}","templated":true}]}}