{"id":14615,"date":"2023-03-06T16:37:39","date_gmt":"2023-03-06T22:37:39","guid":{"rendered":"https:\/\/gobernacionaltaverapaz.gob.gt\/?p=14615"},"modified":"2023-04-10T11:41:40","modified_gmt":"2023-04-10T17:41:40","slug":"primera-gira-presidencial-2023","status":"publish","type":"post","link":"https:\/\/gobernacionaltaverapaz.gob.gt\/?p=14615","title":{"rendered":"Primera Gira Presidencial 2023"},"content":{"rendered":"<div dir=\"auto\" style=\"text-align: justify;\">El Centro Regional de Entrenamiento de Operadores de Mantenimiento de Paz \u2013CREOMPAZ-, fue la sede de la <a class=\"x1i10hfl xjbqb8w x6umtig x1b1mbwd xaqea5y xav7gou x9f619 x1ypdohk xt0psk2 xe8uvvx xdj266r x11i5rnm xat24cr x1mh8g0r xexx8yu x4uap5 x18d9i69 xkhd6sd x16tdsg8 x1hl2dhg xggy1nq x1a2a7pz xt0b8zv x1qq9wsj xo1l8bm\" tabindex=\"0\" role=\"link\" href=\"https:\/\/www.facebook.com\/hashtag\/primeragirapresidencial?__eep__=6&amp;__cft__[0]=AZUbG5DmkXmyqEFQblBo0edMCTvKCbKqER4Skxgw3eh-opzsy_2wQHRP-NWFMCthTdfjgV3jOvg-gt3UuXHEHcIRKBA1oMD8EnevaEtZvAnVy31FGRtc7n-5JhHAiyaWuK-E-cGAU1iBJ0AwzhSZYkFvUhlzhvEaJ3-8E6Ou8xi6BIchtc3MgsXZ8voKQ2XIXH8&amp;__tn__=*NK-R\">#primeragirapresidencial<\/a> 2023, la cual cont\u00f3 con la Participaci\u00f3n del Sr. Presidente Constitucional de la Rep\u00fablica de Guatemala Dr. <a class=\"x1i10hfl xjbqb8w x6umtig x1b1mbwd xaqea5y xav7gou x9f619 x1ypdohk xt0psk2 xe8uvvx xdj266r x11i5rnm xat24cr x1mh8g0r xexx8yu x4uap5 x18d9i69 xkhd6sd x16tdsg8 x1hl2dhg xggy1nq x1a2a7pz xt0b8zv x1qq9wsj xo1l8bm\" tabindex=\"0\" role=\"link\" href=\"https:\/\/www.facebook.com\/AlejandroGiammattei?__cft__[0]=AZUbG5DmkXmyqEFQblBo0edMCTvKCbKqER4Skxgw3eh-opzsy_2wQHRP-NWFMCthTdfjgV3jOvg-gt3UuXHEHcIRKBA1oMD8EnevaEtZvAnVy31FGRtc7n-5JhHAiyaWuK-E-cGAU1iBJ0AwzhSZYkFvUhlzhvEaJ3-8E6Ou8xi6BIchtc3MgsXZ8voKQ2XIXH8&amp;__tn__=-]K-R\"><span class=\"xt0psk2\">Alejandro Giammattei<\/span><\/a>, El Sr. Gobernador Departamental de Alta Verapaz, Ministros, Viceministros de Estado, Jefes Ediles, y representantes de la Unidad T\u00e9cnica Departamental.<\/div>\n<div dir=\"auto\" style=\"text-align: justify;\">El Objetivo de \u00e9sta es constatar los avances f\u00edsicos y agilizar la ejecuci\u00f3n de los proyectos de desarrollo que se realizaran en los 17 municipios del territorio Altaverapacense, que en su mayor\u00eda se enfocan en el fortalecimiento de la educaci\u00f3n, salud, infraestructura productiva, acceso al agua potable, saneamiento y manejo de desechos. Las juntas se aprovechan para informar a las autoridades locales sobre la asignaci\u00f3n presupuestaria, la cual aument\u00f3 en los \u00faltimos a\u00f1os.<\/div>\n<div dir=\"auto\" style=\"text-align: justify;\">La primera gira presidencial de este a\u00f1o tiene como objetivo instar a alcaldes y gobernadores al trabajo conjunto para la ejecuci\u00f3n de los proyectos en los tiempos programados.<\/div>\n<div dir=\"auto\"><\/div>\n<div dir=\"auto\"><\/div>\n<div dir=\"auto\"><\/div>\n<div dir=\"auto\"><\/div>\n<div dir=\"auto\"><\/div>\n<div dir=\"auto\">\n<div><\/div>\n<\/div>\n<p>&nbsp;<\/p>\n","protected":false},"excerpt":{"rendered":"<p>El Centro Regional de Entrenamiento de Operadores de Mantenimiento de Paz \u2013CREOMPAZ-, fue la sede de la #primeragirapresidencial 2023, la cual cont\u00f3 con la Participaci\u00f3n del Sr. Presidente Constitucional de la Rep\u00fablica de Guatemala Dr. Alejandro Giammattei, El Sr. Gobernador Departamental de Alta Verapaz, Ministros, Viceministros de Estado, Jefes Ediles, y representantes de la Unidad [&hellip;]<\/p>\n","protected":false},"author":1,"featured_media":14603,"comment_status":"closed","ping_status":"open","sticky":false,"template":"","format":"gallery","meta":[],"categories":[183],"tags":[178],"_links":{"self":[{"href":"https:\/\/gobernacionaltaverapaz.gob.gt\/index.php?rest_route=\/wp\/v2\/posts\/14615"}],"collection":[{"href":"https:\/\/gobernacionaltaverapaz.gob.gt\/index.php?rest_route=\/wp\/v2\/posts"}],"about":[{"href":"https:\/\/gobernacionaltaverapaz.gob.gt\/index.php?rest_route=\/wp\/v2\/types\/post"}],"author":[{"embeddable":true,"href":"https:\/\/gobernacionaltaverapaz.gob.gt\/index.php?rest_route=\/wp\/v2\/users\/1"}],"replies":[{"embeddable":true,"href":"https:\/\/gobernacionaltaverapaz.gob.gt\/index.php?rest_route=%2Fwp%2Fv2%2Fcomments&post=14615"}],"version-history":[{"count":1,"href":"https:\/\/gobernacionaltaverapaz.gob.gt\/index.php?rest_route=\/wp\/v2\/posts\/14615\/revisions"}],"predecessor-version":[{"id":14616,"href":"https:\/\/gobernacionaltaverapaz.gob.gt\/index.php?rest_route=\/wp\/v2\/posts\/14615\/revisions\/14616"}],"wp:featuredmedia":[{"embeddable":true,"href":"https:\/\/gobernacionaltaverapaz.gob.gt\/index.php?rest_route=\/wp\/v2\/media\/14603"}],"wp:attachment":[{"href":"https:\/\/gobernacionaltaverapaz.gob.gt\/index.php?rest_route=%2Fwp%2Fv2%2Fmedia&parent=14615"}],"wp:term":[{"taxonomy":"category","embeddable":true,"href":"https:\/\/gobernacionaltaverapaz.gob.gt\/index.php?rest_route=%2Fwp%2Fv2%2Fcategories&post=14615"},{"taxonomy":"post_tag","embeddable":true,"href":"https:\/\/gobernacionaltaverapaz.gob.gt\/index.php?rest_route=%2Fwp%2Fv2%2Ftags&post=14615"}],"curies":[{"name":"wp","href":"https:\/\/api.w.org\/{rel}","templated":true}]}}