{"id":14635,"date":"2023-03-09T12:41:03","date_gmt":"2023-03-09T18:41:03","guid":{"rendered":"https:\/\/gobernacionaltaverapaz.gob.gt\/?p=14635"},"modified":"2023-04-10T11:42:52","modified_gmt":"2023-04-10T17:42:52","slug":"trabajo-para-la-reduccin-de-desastres-en-alta-verapaz","status":"publish","type":"post","link":"https:\/\/gobernacionaltaverapaz.gob.gt\/?p=14635","title":{"rendered":"Trabajo para la Reducci\u00f3n de Desastres en Alta Verapaz"},"content":{"rendered":"<div dir=\"auto\" style=\"text-align: justify;\">Con el objeto de priorizar mecanismos viables de trabajo para la Reducci\u00f3n de Desastres en Alta Verapaz, el Sr. Gobernador Departamental, dirigi\u00f3 reuni\u00f3n con el Equipo Coordinador de la Plataforma Territorial de Di\u00e1logo Sobre la Gesti\u00f3n para la Reducci\u00f3n de Desastres en el territorio, la cual es una herramienta que organiza y moviliza redes de incidencia territorial que permite poner en valor dentro de las agendas de desarrollo de los distintos actores de la jurisdicci\u00f3n la Reducci\u00f3n de riesgo de Desastres.<\/div>\n<div dir=\"auto\"><\/div>\n<div dir=\"auto\"><a class=\"x1i10hfl xjbqb8w x6umtig x1b1mbwd xaqea5y xav7gou x9f619 x1ypdohk xt0psk2 xe8uvvx xdj266r x11i5rnm xat24cr x1mh8g0r xexx8yu x4uap5 x18d9i69 xkhd6sd x16tdsg8 x1hl2dhg xggy1nq x1a2a7pz xt0b8zv x1qq9wsj xo1l8bm\" tabindex=\"0\" role=\"link\" href=\"https:\/\/www.facebook.com\/hashtag\/elgobdelosguatemaltecos?__eep__=6&amp;__cft__[0]=AZWDEjRMNWn082xjtH-5QOjEjXyx00Uv1q-e6sEhmiWq-ZOm7Yi-wX-aIfoiMvFAFKLzBMrdmeeajWlNKR5PrQEU_9EKMTNaL6-kuSRXK0VHcOIgsnbv1vkOk0Guzw5qHxPFpmlM1pgUtkoyDY-F5dLO-BrJDTk7zY9rd9UvJGGUZK6oyc7DxfCxjLbrEjF8AzQ&amp;__tn__=*NK-R\">#ElGobDeLosGuatemaltecos<\/a><\/div>\n<div dir=\"auto\"><a class=\"x1i10hfl xjbqb8w x6umtig x1b1mbwd xaqea5y xav7gou x9f619 x1ypdohk xt0psk2 xe8uvvx xdj266r x11i5rnm xat24cr x1mh8g0r xexx8yu x4uap5 x18d9i69 xkhd6sd x16tdsg8 x1hl2dhg xggy1nq x1a2a7pz xt0b8zv x1qq9wsj xo1l8bm\" tabindex=\"0\" role=\"link\" href=\"https:\/\/www.facebook.com\/hashtag\/prevenirparavivir?__eep__=6&amp;__cft__[0]=AZWDEjRMNWn082xjtH-5QOjEjXyx00Uv1q-e6sEhmiWq-ZOm7Yi-wX-aIfoiMvFAFKLzBMrdmeeajWlNKR5PrQEU_9EKMTNaL6-kuSRXK0VHcOIgsnbv1vkOk0Guzw5qHxPFpmlM1pgUtkoyDY-F5dLO-BrJDTk7zY9rd9UvJGGUZK6oyc7DxfCxjLbrEjF8AzQ&amp;__tn__=*NK-R\">#PrevenirParaVivir<\/a> <a class=\"x1i10hfl xjbqb8w x6umtig x1b1mbwd xaqea5y xav7gou x9f619 x1ypdohk xt0psk2 xe8uvvx xdj266r x11i5rnm xat24cr x1mh8g0r xexx8yu x4uap5 x18d9i69 xkhd6sd x16tdsg8 x1hl2dhg xggy1nq x1a2a7pz xt0b8zv x1qq9wsj xo1l8bm\" tabindex=\"0\" role=\"link\" href=\"https:\/\/www.facebook.com\/hashtag\/acci%C3%B3ntemprana?__eep__=6&amp;__cft__[0]=AZWDEjRMNWn082xjtH-5QOjEjXyx00Uv1q-e6sEhmiWq-ZOm7Yi-wX-aIfoiMvFAFKLzBMrdmeeajWlNKR5PrQEU_9EKMTNaL6-kuSRXK0VHcOIgsnbv1vkOk0Guzw5qHxPFpmlM1pgUtkoyDY-F5dLO-BrJDTk7zY9rd9UvJGGUZK6oyc7DxfCxjLbrEjF8AzQ&amp;__tn__=*NK-R\">#Acci\u00f3nTemprana<\/a> <a class=\"x1i10hfl xjbqb8w x6umtig x1b1mbwd xaqea5y xav7gou x9f619 x1ypdohk xt0psk2 xe8uvvx xdj266r x11i5rnm xat24cr x1mh8g0r xexx8yu x4uap5 x18d9i69 xkhd6sd x16tdsg8 x1hl2dhg xggy1nq x1a2a7pz xt0b8zv x1qq9wsj xo1l8bm\" tabindex=\"0\" role=\"link\" href=\"https:\/\/www.facebook.com\/hashtag\/alertatemprana?__eep__=6&amp;__cft__[0]=AZWDEjRMNWn082xjtH-5QOjEjXyx00Uv1q-e6sEhmiWq-ZOm7Yi-wX-aIfoiMvFAFKLzBMrdmeeajWlNKR5PrQEU_9EKMTNaL6-kuSRXK0VHcOIgsnbv1vkOk0Guzw5qHxPFpmlM1pgUtkoyDY-F5dLO-BrJDTk7zY9rd9UvJGGUZK6oyc7DxfCxjLbrEjF8AzQ&amp;__tn__=*NK-R\">#AlertaTemprana<\/a><\/div>\n<div dir=\"auto\"><\/div>\n<div dir=\"auto\"><\/div>\n<div dir=\"auto\"><\/div>\n<div dir=\"auto\"><\/div>\n<div dir=\"auto\"><\/div>\n<div dir=\"auto\">\n<div><\/div>\n<\/div>\n<p>&nbsp;<\/p>\n","protected":false},"excerpt":{"rendered":"<p>Con el objeto de priorizar mecanismos viables de trabajo para la Reducci\u00f3n de Desastres en Alta Verapaz, el Sr. Gobernador Departamental, dirigi\u00f3 reuni\u00f3n con el Equipo Coordinador de la Plataforma Territorial de Di\u00e1logo Sobre la Gesti\u00f3n para la Reducci\u00f3n de Desastres en el territorio, la cual es una herramienta que organiza y moviliza redes de [&hellip;]<\/p>\n","protected":false},"author":1,"featured_media":14629,"comment_status":"closed","ping_status":"open","sticky":false,"template":"","format":"gallery","meta":[],"categories":[194],"tags":[178],"_links":{"self":[{"href":"https:\/\/gobernacionaltaverapaz.gob.gt\/index.php?rest_route=\/wp\/v2\/posts\/14635"}],"collection":[{"href":"https:\/\/gobernacionaltaverapaz.gob.gt\/index.php?rest_route=\/wp\/v2\/posts"}],"about":[{"href":"https:\/\/gobernacionaltaverapaz.gob.gt\/index.php?rest_route=\/wp\/v2\/types\/post"}],"author":[{"embeddable":true,"href":"https:\/\/gobernacionaltaverapaz.gob.gt\/index.php?rest_route=\/wp\/v2\/users\/1"}],"replies":[{"embeddable":true,"href":"https:\/\/gobernacionaltaverapaz.gob.gt\/index.php?rest_route=%2Fwp%2Fv2%2Fcomments&post=14635"}],"version-history":[{"count":1,"href":"https:\/\/gobernacionaltaverapaz.gob.gt\/index.php?rest_route=\/wp\/v2\/posts\/14635\/revisions"}],"predecessor-version":[{"id":14636,"href":"https:\/\/gobernacionaltaverapaz.gob.gt\/index.php?rest_route=\/wp\/v2\/posts\/14635\/revisions\/14636"}],"wp:featuredmedia":[{"embeddable":true,"href":"https:\/\/gobernacionaltaverapaz.gob.gt\/index.php?rest_route=\/wp\/v2\/media\/14629"}],"wp:attachment":[{"href":"https:\/\/gobernacionaltaverapaz.gob.gt\/index.php?rest_route=%2Fwp%2Fv2%2Fmedia&parent=14635"}],"wp:term":[{"taxonomy":"category","embeddable":true,"href":"https:\/\/gobernacionaltaverapaz.gob.gt\/index.php?rest_route=%2Fwp%2Fv2%2Fcategories&post=14635"},{"taxonomy":"post_tag","embeddable":true,"href":"https:\/\/gobernacionaltaverapaz.gob.gt\/index.php?rest_route=%2Fwp%2Fv2%2Ftags&post=14635"}],"curies":[{"name":"wp","href":"https:\/\/api.w.org\/{rel}","templated":true}]}}