{"id":14646,"date":"2023-03-09T14:26:11","date_gmt":"2023-03-09T20:26:11","guid":{"rendered":"https:\/\/gobernacionaltaverapaz.gob.gt\/?p=14646"},"modified":"2023-04-10T11:43:32","modified_gmt":"2023-04-10T17:43:32","slug":"conmemoran-el-da-por-la-vida-la-familia","status":"publish","type":"post","link":"https:\/\/gobernacionaltaverapaz.gob.gt\/?p=14646","title":{"rendered":"Conmemoran el D\u00eda por la vida y la familia"},"content":{"rendered":"<div dir=\"auto\" style=\"text-align: justify;\">Hoy se conmemora el <a class=\"x1i10hfl xjbqb8w x6umtig x1b1mbwd xaqea5y xav7gou x9f619 x1ypdohk xt0psk2 xe8uvvx xdj266r x11i5rnm xat24cr x1mh8g0r xexx8yu x4uap5 x18d9i69 xkhd6sd x16tdsg8 x1hl2dhg xggy1nq x1a2a7pz xt0b8zv x1qq9wsj xo1l8bm\" tabindex=\"0\" role=\"link\" href=\"https:\/\/www.facebook.com\/hashtag\/d%C3%ADaporlavidaylafamilia?__eep__=6&amp;__cft__[0]=AZVJyr8H96NwAwrPjfU97tgYnsowccI90LaulLVwFfdhAL-PpH7zMiLrR2LhW9EtNheYk2NS-WIQy_93jx14LX6G3rAoLsYnpF1rrxQEuTwrF871HwY193zlxE3FTkzi14edNMH_6yhDATIXpEKftURRLiDAjHSGBFO0zBPrZKWwBMoLEFjKAzEWwLCoM7PO9yA&amp;__tn__=*NK-R\">#d\u00edaporlavidaylafamilia<\/a> con el objetivo de resaltar la importancia de la vida y el valor de la familia para promover una sociedad m\u00e1s unida. Derivado de ello en el Sal\u00f3n de las Am\u00e9ricas del Palacio de Gobernaci\u00f3n de Alta Verapaz, se llev\u00f3 a cabo el Acto de Conmemoraci\u00f3n, as\u00ed mismo de manera simult\u00e1nea se llev\u00f3 a cabo la trasmisi\u00f3n del evento de Gobierno central del aniversario de declaratoria de Guatemala como Capital Pro Vida de Iberoam\u00e9rica.<\/div>\n<div dir=\"auto\" style=\"text-align: justify;\">Actividad que fue dirigida por El Sr. Gobernador Departamental en compa\u00f1\u00eda de representantes del Ministerio de Educaci\u00f3n y de SEGEPLAN, representantes locales de las instituciones p\u00fablicas y servidores p\u00fablicos invitados. <a class=\"x1i10hfl xjbqb8w x6umtig x1b1mbwd xaqea5y xav7gou x9f619 x1ypdohk xt0psk2 xe8uvvx xdj266r x11i5rnm xat24cr x1mh8g0r xexx8yu x4uap5 x18d9i69 xkhd6sd x16tdsg8 x1hl2dhg xggy1nq x1a2a7pz xt0b8zv x1qq9wsj xo1l8bm\" tabindex=\"0\" role=\"link\" href=\"https:\/\/www.facebook.com\/hashtag\/guateesvida?__eep__=6&amp;__cft__[0]=AZVJyr8H96NwAwrPjfU97tgYnsowccI90LaulLVwFfdhAL-PpH7zMiLrR2LhW9EtNheYk2NS-WIQy_93jx14LX6G3rAoLsYnpF1rrxQEuTwrF871HwY193zlxE3FTkzi14edNMH_6yhDATIXpEKftURRLiDAjHSGBFO0zBPrZKWwBMoLEFjKAzEWwLCoM7PO9yA&amp;__tn__=*NK-R\">#GuateEsVida<\/a><\/div>\n<div dir=\"auto\" style=\"text-align: justify;\"><a class=\"x1i10hfl xjbqb8w x6umtig x1b1mbwd xaqea5y xav7gou x9f619 x1ypdohk xt0psk2 xe8uvvx xdj266r x11i5rnm xat24cr x1mh8g0r xexx8yu x4uap5 x18d9i69 xkhd6sd x16tdsg8 x1hl2dhg xggy1nq x1a2a7pz xt0b8zv x1qq9wsj xo1l8bm\" tabindex=\"0\" role=\"link\" href=\"https:\/\/www.facebook.com\/hashtag\/elgobdelosguatemaltecos?__eep__=6&amp;__cft__[0]=AZVJyr8H96NwAwrPjfU97tgYnsowccI90LaulLVwFfdhAL-PpH7zMiLrR2LhW9EtNheYk2NS-WIQy_93jx14LX6G3rAoLsYnpF1rrxQEuTwrF871HwY193zlxE3FTkzi14edNMH_6yhDATIXpEKftURRLiDAjHSGBFO0zBPrZKWwBMoLEFjKAzEWwLCoM7PO9yA&amp;__tn__=*NK-R\">#ElGobDeLosGuatemaltecos<\/a><\/div>\n<p>&nbsp;<\/p>\n<p>&nbsp;<\/p>\n<p>&nbsp;<\/p>\n<div><\/div>\n","protected":false},"excerpt":{"rendered":"<p>Hoy se conmemora el #d\u00edaporlavidaylafamilia con el objetivo de resaltar la importancia de la vida y el valor de la familia para promover una sociedad m\u00e1s unida. Derivado de ello en el Sal\u00f3n de las Am\u00e9ricas del Palacio de Gobernaci\u00f3n de Alta Verapaz, se llev\u00f3 a cabo el Acto de Conmemoraci\u00f3n, as\u00ed mismo de manera [&hellip;]<\/p>\n","protected":false},"author":1,"featured_media":14637,"comment_status":"closed","ping_status":"open","sticky":false,"template":"","format":"gallery","meta":[],"categories":[183],"tags":[178],"_links":{"self":[{"href":"https:\/\/gobernacionaltaverapaz.gob.gt\/index.php?rest_route=\/wp\/v2\/posts\/14646"}],"collection":[{"href":"https:\/\/gobernacionaltaverapaz.gob.gt\/index.php?rest_route=\/wp\/v2\/posts"}],"about":[{"href":"https:\/\/gobernacionaltaverapaz.gob.gt\/index.php?rest_route=\/wp\/v2\/types\/post"}],"author":[{"embeddable":true,"href":"https:\/\/gobernacionaltaverapaz.gob.gt\/index.php?rest_route=\/wp\/v2\/users\/1"}],"replies":[{"embeddable":true,"href":"https:\/\/gobernacionaltaverapaz.gob.gt\/index.php?rest_route=%2Fwp%2Fv2%2Fcomments&post=14646"}],"version-history":[{"count":1,"href":"https:\/\/gobernacionaltaverapaz.gob.gt\/index.php?rest_route=\/wp\/v2\/posts\/14646\/revisions"}],"predecessor-version":[{"id":14647,"href":"https:\/\/gobernacionaltaverapaz.gob.gt\/index.php?rest_route=\/wp\/v2\/posts\/14646\/revisions\/14647"}],"wp:featuredmedia":[{"embeddable":true,"href":"https:\/\/gobernacionaltaverapaz.gob.gt\/index.php?rest_route=\/wp\/v2\/media\/14637"}],"wp:attachment":[{"href":"https:\/\/gobernacionaltaverapaz.gob.gt\/index.php?rest_route=%2Fwp%2Fv2%2Fmedia&parent=14646"}],"wp:term":[{"taxonomy":"category","embeddable":true,"href":"https:\/\/gobernacionaltaverapaz.gob.gt\/index.php?rest_route=%2Fwp%2Fv2%2Fcategories&post=14646"},{"taxonomy":"post_tag","embeddable":true,"href":"https:\/\/gobernacionaltaverapaz.gob.gt\/index.php?rest_route=%2Fwp%2Fv2%2Ftags&post=14646"}],"curies":[{"name":"wp","href":"https:\/\/api.w.org\/{rel}","templated":true}]}}