{"id":14653,"date":"2023-03-09T17:39:12","date_gmt":"2023-03-09T23:39:12","guid":{"rendered":"https:\/\/gobernacionaltaverapaz.gob.gt\/?p=14653"},"modified":"2023-04-10T11:43:48","modified_gmt":"2023-04-10T17:43:48","slug":"conmemoran-el-da-por-la-vida-la-familia-2","status":"publish","type":"post","link":"https:\/\/gobernacionaltaverapaz.gob.gt\/?p=14653","title":{"rendered":"Conmemoran el D\u00eda por la vida y la familia"},"content":{"rendered":"<p style=\"text-align: justify;\"><span class=\"x193iq5w xeuugli x13faqbe x1vvkbs x1xmvt09 x1lliihq x1s928wv xhkezso x1gmr53x x1cpjm7i x1fgarty x1943h6x xudqn12 x3x7a5m x6prxxf xvq8zen xo1l8bm xzsf02u x1yc453h\" dir=\"auto\">Como parte del Fortalecimiento a la Mesa T\u00e9cnica Permanente de Prevenci\u00f3n de la Violencia Instalada en el territorio Altaverapacense. El D\u00eda de Hoy en las instalaciones del Centro Ak Yuam, el Sr. Gobernador en compa\u00f1\u00eda de los delgados de la Agencia Fiscal de la Mujer del MP, Oficina de Atenci\u00f3n a la Victima del MP, <a class=\"x1i10hfl xjbqb8w x6umtig x1b1mbwd xaqea5y xav7gou x9f619 x1ypdohk xt0psk2 xe8uvvx xdj266r x11i5rnm xat24cr x1mh8g0r xexx8yu x4uap5 x18d9i69 xkhd6sd x16tdsg8 x1hl2dhg xggy1nq x1a2a7pz xt0b8zv x1qq9wsj xo1l8bm\" tabindex=\"0\" role=\"link\" href=\"https:\/\/www.facebook.com\/UPCVGuatemala?__cft__[0]=AZUeYENTSS-EB12-SpMFBFLa1RBcpdAsFG6ShC9CuPlFjfrD_U-fWduoVncgwwOwRSkzqIpPu1QoYPMXhG0EuiA_Kpnk_UMZr2MQTWQ_M-PRxFoFhW3_9nFPDzqORtJae-0OC0526mFwCCQ5FlWm0jdPUkiVZNyyTU9f0rNnrYdwiX2oQyHxrPxQJUVf3XjBQJE&amp;__tn__=-]K-R\"><span class=\"xt0psk2\">Unidad Para La Prevenci\u00f3n Comunitaria De La Violencia &#8211; UPCV.<\/span><\/a> <a class=\"x1i10hfl xjbqb8w x6umtig x1b1mbwd xaqea5y xav7gou x9f619 x1ypdohk xt0psk2 xe8uvvx xdj266r x11i5rnm xat24cr x1mh8g0r xexx8yu x4uap5 x18d9i69 xkhd6sd x16tdsg8 x1hl2dhg xggy1nq x1a2a7pz xt0b8zv x1qq9wsj xo1l8bm\" tabindex=\"0\" role=\"link\" href=\"https:\/\/www.facebook.com\/SEPREM?__cft__[0]=AZUeYENTSS-EB12-SpMFBFLa1RBcpdAsFG6ShC9CuPlFjfrD_U-fWduoVncgwwOwRSkzqIpPu1QoYPMXhG0EuiA_Kpnk_UMZr2MQTWQ_M-PRxFoFhW3_9nFPDzqORtJae-0OC0526mFwCCQ5FlWm0jdPUkiVZNyyTU9f0rNnrYdwiX2oQyHxrPxQJUVf3XjBQJE&amp;__tn__=-]K-R\"><span class=\"xt0psk2\">Secretar\u00eda Presidencial de la Mujer, Seprem Guatemala<\/span><\/a>y <a class=\"x1i10hfl xjbqb8w x6umtig x1b1mbwd xaqea5y xav7gou x9f619 x1ypdohk xt0psk2 xe8uvvx xdj266r x11i5rnm xat24cr x1mh8g0r xexx8yu x4uap5 x18d9i69 xkhd6sd x16tdsg8 x1hl2dhg xggy1nq x1a2a7pz xt0b8zv x1qq9wsj xo1l8bm\" tabindex=\"0\" role=\"link\" href=\"https:\/\/www.facebook.com\/paginacunor?__cft__[0]=AZUeYENTSS-EB12-SpMFBFLa1RBcpdAsFG6ShC9CuPlFjfrD_U-fWduoVncgwwOwRSkzqIpPu1QoYPMXhG0EuiA_Kpnk_UMZr2MQTWQ_M-PRxFoFhW3_9nFPDzqORtJae-0OC0526mFwCCQ5FlWm0jdPUkiVZNyyTU9f0rNnrYdwiX2oQyHxrPxQJUVf3XjBQJE&amp;__tn__=-]K-R\"><span class=\"xt0psk2\">Centro Universitario del <\/span><\/a>NorteCUNOR, llevaron a cabo el \u201cTaller por la Reivindicaci\u00f3n de los Derechos de la Mujer\u201d, En el marco del 8 de marzo; D\u00eda Internacional de la Mujer. <\/span><\/p>\n<p>&nbsp;<\/p>\n<p>&nbsp;<\/p>\n<p>&nbsp;<\/p>\n<div><\/div>\n","protected":false},"excerpt":{"rendered":"<p>Como parte del Fortalecimiento a la Mesa T\u00e9cnica Permanente de Prevenci\u00f3n de la Violencia Instalada en el territorio Altaverapacense. El D\u00eda de Hoy en las instalaciones del Centro Ak Yuam, el Sr. Gobernador en compa\u00f1\u00eda de los delgados de la Agencia Fiscal de la Mujer del MP, Oficina de Atenci\u00f3n a la Victima del MP, [&hellip;]<\/p>\n","protected":false},"author":1,"featured_media":14648,"comment_status":"closed","ping_status":"open","sticky":false,"template":"","format":"gallery","meta":[],"categories":[183],"tags":[178],"_links":{"self":[{"href":"https:\/\/gobernacionaltaverapaz.gob.gt\/index.php?rest_route=\/wp\/v2\/posts\/14653"}],"collection":[{"href":"https:\/\/gobernacionaltaverapaz.gob.gt\/index.php?rest_route=\/wp\/v2\/posts"}],"about":[{"href":"https:\/\/gobernacionaltaverapaz.gob.gt\/index.php?rest_route=\/wp\/v2\/types\/post"}],"author":[{"embeddable":true,"href":"https:\/\/gobernacionaltaverapaz.gob.gt\/index.php?rest_route=\/wp\/v2\/users\/1"}],"replies":[{"embeddable":true,"href":"https:\/\/gobernacionaltaverapaz.gob.gt\/index.php?rest_route=%2Fwp%2Fv2%2Fcomments&post=14653"}],"version-history":[{"count":1,"href":"https:\/\/gobernacionaltaverapaz.gob.gt\/index.php?rest_route=\/wp\/v2\/posts\/14653\/revisions"}],"predecessor-version":[{"id":14654,"href":"https:\/\/gobernacionaltaverapaz.gob.gt\/index.php?rest_route=\/wp\/v2\/posts\/14653\/revisions\/14654"}],"wp:featuredmedia":[{"embeddable":true,"href":"https:\/\/gobernacionaltaverapaz.gob.gt\/index.php?rest_route=\/wp\/v2\/media\/14648"}],"wp:attachment":[{"href":"https:\/\/gobernacionaltaverapaz.gob.gt\/index.php?rest_route=%2Fwp%2Fv2%2Fmedia&parent=14653"}],"wp:term":[{"taxonomy":"category","embeddable":true,"href":"https:\/\/gobernacionaltaverapaz.gob.gt\/index.php?rest_route=%2Fwp%2Fv2%2Fcategories&post=14653"},{"taxonomy":"post_tag","embeddable":true,"href":"https:\/\/gobernacionaltaverapaz.gob.gt\/index.php?rest_route=%2Fwp%2Fv2%2Ftags&post=14653"}],"curies":[{"name":"wp","href":"https:\/\/api.w.org\/{rel}","templated":true}]}}