{"id":14680,"date":"2023-03-23T15:43:56","date_gmt":"2023-03-23T21:43:56","guid":{"rendered":"https:\/\/gobernacionaltaverapaz.gob.gt\/?p=14680"},"modified":"2023-04-10T11:49:05","modified_gmt":"2023-04-10T17:49:05","slug":"mesa-tcnica-para-atender-la-problemtica-causa-los-bajos-precios-del-cardamomo","status":"publish","type":"post","link":"https:\/\/gobernacionaltaverapaz.gob.gt\/?p=14680","title":{"rendered":"Mesa T\u00e9cnica para atender la problem\u00e1tica que causa los bajos precios del cardamomo"},"content":{"rendered":"<div class=\"x11i5rnm xat24cr x1mh8g0r x1vvkbs xdj266r x126k92a\">\n<div dir=\"auto\" style=\"text-align: justify;\">El Gobernador Departamental de Alta Verapaz, Dirigi\u00f3 Mesa T\u00e9cnica para atender la Problem\u00e1tica que causa los bajos precios del cardamomo, con \u00e9nfasis en la crisis ocasionada en los peque\u00f1os y medianos productores en el departamento.<\/div>\n<div dir=\"auto\" style=\"text-align: justify;\">Actividad en la que participaron delegados del Ministerio de Agricultura, Ganader\u00eda y Alimentaci\u00f3n &#8211; MAGA, Jefes Ediles de los municipios de Cob\u00e1n, Tamah\u00fa, Chahal, Panz\u00f3s, San Crist\u00f3bal, Santa Cruz Verapaz y representante de la Municipalidad de Fray Bartolom\u00e9 de las Casas. As\u00ed mismo peque\u00f1os y medianos productores de cardamomo de Alta Verapaz.<\/div>\n<\/div>\n<div class=\"x11i5rnm xat24cr x1mh8g0r x1vvkbs xtlvy1s x126k92a\" style=\"text-align: justify;\">\n<div dir=\"auto\">En donde se trataron los siguientes temas:<\/div>\n<\/div>\n<div class=\"x11i5rnm xat24cr x1mh8g0r x1vvkbs xtlvy1s x126k92a\">\n<div dir=\"auto\" style=\"text-align: justify;\"><span class=\"x3nfvp2 x1j61x8r x1fcty0u xdj266r xhhsvwb xat24cr xgzva0m xxymvpz xlup9mm x1kky2od\"><img decoding=\"async\" loading=\"lazy\" src=\"https:\/\/static.xx.fbcdn.net\/images\/emoji.php\/v9\/t33\/1\/16\/2705.png\" alt=\"\u2705\" width=\"16\" height=\"16\" \/><\/span>Experiencias en la cadena de Valor<\/div>\n<div dir=\"auto\" style=\"text-align: justify;\"><span class=\"x3nfvp2 x1j61x8r x1fcty0u xdj266r xhhsvwb xat24cr xgzva0m xxymvpz xlup9mm x1kky2od\"><img decoding=\"async\" loading=\"lazy\" src=\"https:\/\/static.xx.fbcdn.net\/images\/emoji.php\/v9\/t33\/1\/16\/2705.png\" alt=\"\u2705\" width=\"16\" height=\"16\" \/><\/span>Investigaci\u00f3n en la Agrocadena del Cardamomo<\/div>\n<div dir=\"auto\" style=\"text-align: justify;\"><span class=\"x3nfvp2 x1j61x8r x1fcty0u xdj266r xhhsvwb xat24cr xgzva0m xxymvpz xlup9mm x1kky2od\"><img decoding=\"async\" loading=\"lazy\" src=\"https:\/\/static.xx.fbcdn.net\/images\/emoji.php\/v9\/t33\/1\/16\/2705.png\" alt=\"\u2705\" width=\"16\" height=\"16\" \/><\/span>Productividad y Calidad<\/div>\n<div dir=\"auto\" style=\"text-align: justify;\"><span class=\"x3nfvp2 x1j61x8r x1fcty0u xdj266r xhhsvwb xat24cr xgzva0m xxymvpz xlup9mm x1kky2od\"><img decoding=\"async\" loading=\"lazy\" src=\"https:\/\/static.xx.fbcdn.net\/images\/emoji.php\/v9\/t33\/1\/16\/2705.png\" alt=\"\u2705\" width=\"16\" height=\"16\" \/><\/span>Comercializaci\u00f3n<\/div>\n<div dir=\"auto\" style=\"text-align: justify;\"><a class=\"x1i10hfl xjbqb8w x6umtig x1b1mbwd xaqea5y xav7gou x9f619 x1ypdohk xt0psk2 xe8uvvx xdj266r x11i5rnm xat24cr x1mh8g0r xexx8yu x4uap5 x18d9i69 xkhd6sd x16tdsg8 x1hl2dhg xggy1nq x1a2a7pz xt0b8zv x1qq9wsj xo1l8bm\" tabindex=\"0\" role=\"link\" href=\"https:\/\/www.facebook.com\/maga.gt?__cft__[0]=AZVJdhpIFmEIMsqcPdC8W1XP1PGAn3em_NItgsm22jsw_UmpYV-LDnlGE7hK6Myw0sZAqnO4gS-y3LiFyYho71MZCv3rDW0QU2Fzr-TzAVDRSjd-tBudeiXtLbI2WEarsqF0ySb6HqfyVkbxo5itE38o-yNKQCqjTTOnwf2G4exUmEGjIfk46EDji3KFDpndqb0&amp;__tn__=-]K-R\"><span class=\"xt0psk2\">Ministerio de Agricultura, Ganader\u00eda y Alimentaci\u00f3n &#8211; MAGA<\/span><\/a><a class=\"x1i10hfl xjbqb8w x6umtig x1b1mbwd xaqea5y xav7gou x9f619 x1ypdohk xt0psk2 xe8uvvx xdj266r x11i5rnm xat24cr x1mh8g0r xexx8yu x4uap5 x18d9i69 xkhd6sd x16tdsg8 x1hl2dhg xggy1nq x1a2a7pz xt0b8zv x1qq9wsj xo1l8bm\" tabindex=\"0\" role=\"link\" href=\"https:\/\/www.facebook.com\/HeiferInternationalGuatemala?__cft__[0]=AZVJdhpIFmEIMsqcPdC8W1XP1PGAn3em_NItgsm22jsw_UmpYV-LDnlGE7hK6Myw0sZAqnO4gS-y3LiFyYho71MZCv3rDW0QU2Fzr-TzAVDRSjd-tBudeiXtLbI2WEarsqF0ySb6HqfyVkbxo5itE38o-yNKQCqjTTOnwf2G4exUmEGjIfk46EDji3KFDpndqb0&amp;__tn__=-]K-R\"><span class=\"xt0psk2\">Heifer International Guatemala<\/span><\/a>Mercy Corps GuatemalaCardegua Coban<a class=\"x1i10hfl xjbqb8w x6umtig x1b1mbwd xaqea5y xav7gou x9f619 x1ypdohk xt0psk2 xe8uvvx xdj266r x11i5rnm xat24cr x1mh8g0r xexx8yu x4uap5 x18d9i69 xkhd6sd x16tdsg8 x1hl2dhg xggy1nq x1a2a7pz xt0b8zv x1qq9wsj xo1l8bm\" tabindex=\"0\" role=\"link\" href=\"https:\/\/www.facebook.com\/profile.php?id=100064496180424&amp;__cft__[0]=AZVJdhpIFmEIMsqcPdC8W1XP1PGAn3em_NItgsm22jsw_UmpYV-LDnlGE7hK6Myw0sZAqnO4gS-y3LiFyYho71MZCv3rDW0QU2Fzr-TzAVDRSjd-tBudeiXtLbI2WEarsqF0ySb6HqfyVkbxo5itE38o-yNKQCqjTTOnwf2G4exUmEGjIfk46EDji3KFDpndqb0&amp;__tn__=-]K-R\"><span class=\"xt0psk2\">Muni Tamahu<\/span><\/a><a class=\"x1i10hfl xjbqb8w x6umtig x1b1mbwd xaqea5y xav7gou x9f619 x1ypdohk xt0psk2 xe8uvvx xdj266r x11i5rnm xat24cr x1mh8g0r xexx8yu x4uap5 x18d9i69 xkhd6sd x16tdsg8 x1hl2dhg xggy1nq x1a2a7pz xt0b8zv x1qq9wsj xo1l8bm\" tabindex=\"0\" role=\"link\" href=\"https:\/\/www.facebook.com\/profile.php?id=100085389811870&amp;__cft__[0]=AZVJdhpIFmEIMsqcPdC8W1XP1PGAn3em_NItgsm22jsw_UmpYV-LDnlGE7hK6Myw0sZAqnO4gS-y3LiFyYho71MZCv3rDW0QU2Fzr-TzAVDRSjd-tBudeiXtLbI2WEarsqF0ySb6HqfyVkbxo5itE38o-yNKQCqjTTOnwf2G4exUmEGjIfk46EDji3KFDpndqb0&amp;__tn__=-]K-R\"><span class=\"xt0psk2\">Municipalidad de Chahal Oficial<\/span><\/a><a class=\"x1i10hfl xjbqb8w x6umtig x1b1mbwd xaqea5y xav7gou x9f619 x1ypdohk xt0psk2 xe8uvvx xdj266r x11i5rnm xat24cr x1mh8g0r xexx8yu x4uap5 x18d9i69 xkhd6sd x16tdsg8 x1hl2dhg xggy1nq x1a2a7pz xt0b8zv x1qq9wsj xo1l8bm\" tabindex=\"0\" role=\"link\" href=\"https:\/\/www.facebook.com\/MiMuniCoban?__cft__[0]=AZVJdhpIFmEIMsqcPdC8W1XP1PGAn3em_NItgsm22jsw_UmpYV-LDnlGE7hK6Myw0sZAqnO4gS-y3LiFyYho71MZCv3rDW0QU2Fzr-TzAVDRSjd-tBudeiXtLbI2WEarsqF0ySb6HqfyVkbxo5itE38o-yNKQCqjTTOnwf2G4exUmEGjIfk46EDji3KFDpndqb0&amp;__tn__=-]K-R\"><span class=\"xt0psk2\">Municipalidad De Cob\u00e1n<\/span><\/a><a class=\"x1i10hfl xjbqb8w x6umtig x1b1mbwd xaqea5y xav7gou x9f619 x1ypdohk xt0psk2 xe8uvvx xdj266r x11i5rnm xat24cr x1mh8g0r xexx8yu x4uap5 x18d9i69 xkhd6sd x16tdsg8 x1hl2dhg xggy1nq x1a2a7pz xt0b8zv x1qq9wsj xo1l8bm\" tabindex=\"0\" role=\"link\" href=\"https:\/\/www.facebook.com\/SantaCruzVerapazAV?__cft__[0]=AZVJdhpIFmEIMsqcPdC8W1XP1PGAn3em_NItgsm22jsw_UmpYV-LDnlGE7hK6Myw0sZAqnO4gS-y3LiFyYho71MZCv3rDW0QU2Fzr-TzAVDRSjd-tBudeiXtLbI2WEarsqF0ySb6HqfyVkbxo5itE38o-yNKQCqjTTOnwf2G4exUmEGjIfk46EDji3KFDpndqb0&amp;__tn__=-]K-R\"><span class=\"xt0psk2\">Muni Santa Cruz Verapaz<\/span><\/a><a class=\"x1i10hfl xjbqb8w x6umtig x1b1mbwd xaqea5y xav7gou x9f619 x1ypdohk xt0psk2 xe8uvvx xdj266r x11i5rnm xat24cr x1mh8g0r xexx8yu x4uap5 x18d9i69 xkhd6sd x16tdsg8 x1hl2dhg xggy1nq x1a2a7pz xt0b8zv x1qq9wsj xo1l8bm\" tabindex=\"0\" role=\"link\" href=\"https:\/\/www.facebook.com\/MunicipalidadDeSanCristobalVerapaz?__cft__[0]=AZVJdhpIFmEIMsqcPdC8W1XP1PGAn3em_NItgsm22jsw_UmpYV-LDnlGE7hK6Myw0sZAqnO4gS-y3LiFyYho71MZCv3rDW0QU2Fzr-TzAVDRSjd-tBudeiXtLbI2WEarsqF0ySb6HqfyVkbxo5itE38o-yNKQCqjTTOnwf2G4exUmEGjIfk46EDji3KFDpndqb0&amp;__tn__=-]K-R\"><span class=\"xt0psk2\">Municipalidad de San Crist\u00f3bal Verapaz, Administraci\u00f3n 2020 &#8211; 2024<\/span><\/a><a class=\"x1i10hfl xjbqb8w x6umtig x1b1mbwd xaqea5y xav7gou x9f619 x1ypdohk xt0psk2 xe8uvvx xdj266r x11i5rnm xat24cr x1mh8g0r xexx8yu x4uap5 x18d9i69 xkhd6sd x16tdsg8 x1hl2dhg xggy1nq x1a2a7pz xt0b8zv x1qq9wsj xo1l8bm\" tabindex=\"0\" role=\"link\" href=\"https:\/\/www.facebook.com\/profile.php?id=100027942715316&amp;__cft__[0]=AZVJdhpIFmEIMsqcPdC8W1XP1PGAn3em_NItgsm22jsw_UmpYV-LDnlGE7hK6Myw0sZAqnO4gS-y3LiFyYho71MZCv3rDW0QU2Fzr-TzAVDRSjd-tBudeiXtLbI2WEarsqF0ySb6HqfyVkbxo5itE38o-yNKQCqjTTOnwf2G4exUmEGjIfk46EDji3KFDpndqb0&amp;__tn__=-]K-R\"><span class=\"xt0psk2\">Municipalidad de Panzos 2020-2024<\/span><\/a><a class=\"x1i10hfl xjbqb8w x6umtig x1b1mbwd xaqea5y xav7gou x9f619 x1ypdohk xt0psk2 xe8uvvx xdj266r x11i5rnm xat24cr x1mh8g0r xexx8yu x4uap5 x18d9i69 xkhd6sd x16tdsg8 x1hl2dhg xggy1nq x1a2a7pz xt0b8zv x1qq9wsj xo1l8bm\" tabindex=\"0\" role=\"link\" href=\"https:\/\/www.facebook.com\/MuniFrayBartolomeDeLasCasas?__cft__[0]=AZVJdhpIFmEIMsqcPdC8W1XP1PGAn3em_NItgsm22jsw_UmpYV-LDnlGE7hK6Myw0sZAqnO4gS-y3LiFyYho71MZCv3rDW0QU2Fzr-TzAVDRSjd-tBudeiXtLbI2WEarsqF0ySb6HqfyVkbxo5itE38o-yNKQCqjTTOnwf2G4exUmEGjIfk46EDji3KFDpndqb0&amp;__tn__=-]K-R\"><span class=\"xt0psk2\">Municipalidad Fray Bartolom\u00e9 de las Casas, A.V.<\/span><\/a><\/div>\n<div dir=\"auto\" style=\"text-align: justify;\"><a class=\"x1i10hfl xjbqb8w x6umtig x1b1mbwd xaqea5y xav7gou x9f619 x1ypdohk xt0psk2 xe8uvvx xdj266r x11i5rnm xat24cr x1mh8g0r xexx8yu x4uap5 x18d9i69 xkhd6sd x16tdsg8 x1hl2dhg xggy1nq x1a2a7pz xt0b8zv x1qq9wsj xo1l8bm\" tabindex=\"0\" role=\"link\" href=\"https:\/\/www.facebook.com\/hashtag\/elgobdelosguatemaltecos?__eep__=6&amp;__cft__[0]=AZVJdhpIFmEIMsqcPdC8W1XP1PGAn3em_NItgsm22jsw_UmpYV-LDnlGE7hK6Myw0sZAqnO4gS-y3LiFyYho71MZCv3rDW0QU2Fzr-TzAVDRSjd-tBudeiXtLbI2WEarsqF0ySb6HqfyVkbxo5itE38o-yNKQCqjTTOnwf2G4exUmEGjIfk46EDji3KFDpndqb0&amp;__tn__=*NK-R\">#ElGobDeLosGuatemaltecos<\/a><\/div>\n<\/div>\n<p>&nbsp;<\/p>\n<p>&nbsp;<\/p>\n<p>&nbsp;<\/p>\n<div><\/div>\n<p>&nbsp;<\/p>\n<p>&nbsp;<\/p>\n<p>&nbsp;<\/p>\n","protected":false},"excerpt":{"rendered":"<p>El Gobernador Departamental de Alta Verapaz, Dirigi\u00f3 Mesa T\u00e9cnica para atender la Problem\u00e1tica que causa los bajos precios del cardamomo, con \u00e9nfasis en la crisis ocasionada en los peque\u00f1os y medianos productores en el departamento. Actividad en la que participaron delegados del Ministerio de Agricultura, Ganader\u00eda y Alimentaci\u00f3n &#8211; MAGA, Jefes Ediles de los municipios [&hellip;]<\/p>\n","protected":false},"author":1,"featured_media":14673,"comment_status":"closed","ping_status":"open","sticky":false,"template":"","format":"gallery","meta":[],"categories":[194],"tags":[178],"_links":{"self":[{"href":"https:\/\/gobernacionaltaverapaz.gob.gt\/index.php?rest_route=\/wp\/v2\/posts\/14680"}],"collection":[{"href":"https:\/\/gobernacionaltaverapaz.gob.gt\/index.php?rest_route=\/wp\/v2\/posts"}],"about":[{"href":"https:\/\/gobernacionaltaverapaz.gob.gt\/index.php?rest_route=\/wp\/v2\/types\/post"}],"author":[{"embeddable":true,"href":"https:\/\/gobernacionaltaverapaz.gob.gt\/index.php?rest_route=\/wp\/v2\/users\/1"}],"replies":[{"embeddable":true,"href":"https:\/\/gobernacionaltaverapaz.gob.gt\/index.php?rest_route=%2Fwp%2Fv2%2Fcomments&post=14680"}],"version-history":[{"count":1,"href":"https:\/\/gobernacionaltaverapaz.gob.gt\/index.php?rest_route=\/wp\/v2\/posts\/14680\/revisions"}],"predecessor-version":[{"id":14681,"href":"https:\/\/gobernacionaltaverapaz.gob.gt\/index.php?rest_route=\/wp\/v2\/posts\/14680\/revisions\/14681"}],"wp:featuredmedia":[{"embeddable":true,"href":"https:\/\/gobernacionaltaverapaz.gob.gt\/index.php?rest_route=\/wp\/v2\/media\/14673"}],"wp:attachment":[{"href":"https:\/\/gobernacionaltaverapaz.gob.gt\/index.php?rest_route=%2Fwp%2Fv2%2Fmedia&parent=14680"}],"wp:term":[{"taxonomy":"category","embeddable":true,"href":"https:\/\/gobernacionaltaverapaz.gob.gt\/index.php?rest_route=%2Fwp%2Fv2%2Fcategories&post=14680"},{"taxonomy":"post_tag","embeddable":true,"href":"https:\/\/gobernacionaltaverapaz.gob.gt\/index.php?rest_route=%2Fwp%2Fv2%2Ftags&post=14680"}],"curies":[{"name":"wp","href":"https:\/\/api.w.org\/{rel}","templated":true}]}}