{"id":14695,"date":"2023-03-27T15:32:42","date_gmt":"2023-03-27T21:32:42","guid":{"rendered":"https:\/\/gobernacionaltaverapaz.gob.gt\/?p=14695"},"modified":"2023-04-10T11:50:50","modified_gmt":"2023-04-10T17:50:50","slug":"tercera-reunion-ordinaria-del-ejercicio-fiscal-2023","status":"publish","type":"post","link":"https:\/\/gobernacionaltaverapaz.gob.gt\/?p=14695","title":{"rendered":"Tercera Reuni\u00f3n Ordinaria del Ejercicio Fiscal 2023"},"content":{"rendered":"<div class=\"x11i5rnm xat24cr x1mh8g0r x1vvkbs xdj266r x126k92a\">\n<div dir=\"auto\" style=\"text-align: justify;\">Derivado a la coordinaci\u00f3n que se realiza cada mes con las diferentes Instituciones representadas ante el organismo colegiado del <a class=\"x1i10hfl xjbqb8w x6umtig x1b1mbwd xaqea5y xav7gou x9f619 x1ypdohk xt0psk2 xe8uvvx xdj266r x11i5rnm xat24cr x1mh8g0r xexx8yu x4uap5 x18d9i69 xkhd6sd x16tdsg8 x1hl2dhg xggy1nq x1a2a7pz xt0b8zv x1qq9wsj xo1l8bm\" tabindex=\"0\" role=\"link\" href=\"https:\/\/www.facebook.com\/codede.av?__cft__[0]=AZUAYpjbwRFFKTQAOvZaagoIAwXK78hOhYs1I4VwcsF0sRiMXKq8w8MPX9h9KkebRkDWqYi51Rc1lqbeA-FEjWyXAxGn2vTeFnCHNpkrNY5v_M8pz-5abSW9y34aiGqsFvkrwsiUSXPgqzGBRKTkxnsUXdLoeHO4yX4BLqa3M7GlE2TRgxEvlo7sAQUj6kuNhd0&amp;__tn__=-]K-R\"><span class=\"xt0psk2\">Codede AV<\/span><\/a>, para consensuar los diferentes temas que encaminan el Desarrollo de los 17 Municipios del Departamento de <a class=\"x1i10hfl xjbqb8w x6umtig x1b1mbwd xaqea5y xav7gou x9f619 x1ypdohk xt0psk2 xe8uvvx xdj266r x11i5rnm xat24cr x1mh8g0r xexx8yu x4uap5 x18d9i69 xkhd6sd x16tdsg8 x1hl2dhg xggy1nq x1a2a7pz xt0b8zv x1qq9wsj xo1l8bm\" tabindex=\"0\" role=\"link\" href=\"https:\/\/www.facebook.com\/hashtag\/altaverapaz?__eep__=6&amp;__cft__[0]=AZUAYpjbwRFFKTQAOvZaagoIAwXK78hOhYs1I4VwcsF0sRiMXKq8w8MPX9h9KkebRkDWqYi51Rc1lqbeA-FEjWyXAxGn2vTeFnCHNpkrNY5v_M8pz-5abSW9y34aiGqsFvkrwsiUSXPgqzGBRKTkxnsUXdLoeHO4yX4BLqa3M7GlE2TRgxEvlo7sAQUj6kuNhd0&amp;__tn__=*NK-R\">#AltaVerapaz<\/a>. El d\u00eda de hoy en el sal\u00f3n de las Am\u00e9ricas, del Palacio de Gobernaci\u00f3n, se llev\u00f3 a cabo la Tercera Reuni\u00f3n Ordinaria del Ejercicio Fiscal 2023.<\/div>\n<\/div>\n<div class=\"x11i5rnm xat24cr x1mh8g0r x1vvkbs xtlvy1s x126k92a\" style=\"text-align: justify;\">\n<div dir=\"auto\">Como punto de inicio de la reuni\u00f3n se procedi\u00f3 a dar lectura a la agenda a desarrollar:<\/div>\n<div dir=\"auto\">Presentaci\u00f3n situaci\u00f3n INJUD.<\/div>\n<div dir=\"auto\">\u00a0Importancia Sede INAP.<\/div>\n<div dir=\"auto\">Reprogramaci\u00f3n de Obras<\/div>\n<div dir=\"auto\">Aprobaci\u00f3n Propuesta de Inversi\u00f3n Departamental 2024.<\/div>\n<div dir=\"auto\">La Directora Ejecutiva del Consejo de Desarrollo, inform\u00f3 sobre los Avances F\u00edsicos y financieros de proyectos con recursos IVA Paz 2023.<\/div>\n<div dir=\"auto\">Propuesta para La creaci\u00f3n de Oficinas de Ordenamiento Territorial.<\/div>\n<\/div>\n<div class=\"x11i5rnm xat24cr x1mh8g0r x1vvkbs xtlvy1s x126k92a\" style=\"text-align: justify;\">\n<div dir=\"auto\">Entre los acuerdos y Compromisos, se establecieron los siguientes:<\/div>\n<\/div>\n<div class=\"x11i5rnm xat24cr x1mh8g0r x1vvkbs xtlvy1s x126k92a\" style=\"text-align: justify;\">\n<div dir=\"auto\">Realizar visita al Instituto Nacional de la Juventud. -INJAV-<\/div>\n<div dir=\"auto\">Incluir en agenda las acciones que se han realizado en el tema del Hospital de Cob\u00e1n<\/div>\n<div dir=\"auto\">Elevar al pleno del COREDUR, la importancia de sede regional del INAP.<\/div>\n<div dir=\"auto\">Aprobaci\u00f3n de la Propuesta de Inversi\u00f3n 2024.<\/div>\n<div dir=\"auto\">Aprobaci\u00f3n de la fecha l\u00edmite para la presentaci\u00f3n de expedientes de proyectos incluidos en la propuesta 2024.<\/div>\n<\/div>\n<div class=\"x11i5rnm xat24cr x1mh8g0r x1vvkbs xtlvy1s x126k92a\">\n<div dir=\"auto\" style=\"text-align: justify;\"><a class=\"x1i10hfl xjbqb8w x6umtig x1b1mbwd xaqea5y xav7gou x9f619 x1ypdohk xt0psk2 xe8uvvx xdj266r x11i5rnm xat24cr x1mh8g0r xexx8yu x4uap5 x18d9i69 xkhd6sd x16tdsg8 x1hl2dhg xggy1nq x1a2a7pz xt0b8zv x1qq9wsj xo1l8bm\" tabindex=\"0\" role=\"link\" href=\"https:\/\/www.facebook.com\/codede.av?__cft__[0]=AZUAYpjbwRFFKTQAOvZaagoIAwXK78hOhYs1I4VwcsF0sRiMXKq8w8MPX9h9KkebRkDWqYi51Rc1lqbeA-FEjWyXAxGn2vTeFnCHNpkrNY5v_M8pz-5abSW9y34aiGqsFvkrwsiUSXPgqzGBRKTkxnsUXdLoeHO4yX4BLqa3M7GlE2TRgxEvlo7sAQUj6kuNhd0&amp;__tn__=-]K-R\"><span class=\"xt0psk2\">Codede AV<\/span><\/a> <a class=\"x1i10hfl xjbqb8w x6umtig x1b1mbwd xaqea5y xav7gou x9f619 x1ypdohk xt0psk2 xe8uvvx xdj266r x11i5rnm xat24cr x1mh8g0r xexx8yu x4uap5 x18d9i69 xkhd6sd x16tdsg8 x1hl2dhg xggy1nq x1a2a7pz xt0b8zv x1qq9wsj xo1l8bm\" tabindex=\"0\" role=\"link\" href=\"https:\/\/www.facebook.com\/COREDUR.Norte?__cft__[0]=AZUAYpjbwRFFKTQAOvZaagoIAwXK78hOhYs1I4VwcsF0sRiMXKq8w8MPX9h9KkebRkDWqYi51Rc1lqbeA-FEjWyXAxGn2vTeFnCHNpkrNY5v_M8pz-5abSW9y34aiGqsFvkrwsiUSXPgqzGBRKTkxnsUXdLoeHO4yX4BLqa3M7GlE2TRgxEvlo7sAQUj6kuNhd0&amp;__tn__=-]K-R\"><span class=\"xt0psk2\">Coredur Regi\u00f3n Norte<\/span><\/a> <a class=\"x1i10hfl xjbqb8w x6umtig x1b1mbwd xaqea5y xav7gou x9f619 x1ypdohk xt0psk2 xe8uvvx xdj266r x11i5rnm xat24cr x1mh8g0r xexx8yu x4uap5 x18d9i69 xkhd6sd x16tdsg8 x1hl2dhg xggy1nq x1a2a7pz xt0b8zv x1qq9wsj xo1l8bm\" tabindex=\"0\" role=\"link\" href=\"https:\/\/www.facebook.com\/SegeplanGT?__cft__[0]=AZUAYpjbwRFFKTQAOvZaagoIAwXK78hOhYs1I4VwcsF0sRiMXKq8w8MPX9h9KkebRkDWqYi51Rc1lqbeA-FEjWyXAxGn2vTeFnCHNpkrNY5v_M8pz-5abSW9y34aiGqsFvkrwsiUSXPgqzGBRKTkxnsUXdLoeHO4yX4BLqa3M7GlE2TRgxEvlo7sAQUj6kuNhd0&amp;__tn__=-]K-R\"><span class=\"xt0psk2\">SEGEPLAN Guatemala<\/span><\/a><\/div>\n<div dir=\"auto\" style=\"text-align: justify;\"><a class=\"x1i10hfl xjbqb8w x6umtig x1b1mbwd xaqea5y xav7gou x9f619 x1ypdohk xt0psk2 xe8uvvx xdj266r x11i5rnm xat24cr x1mh8g0r xexx8yu x4uap5 x18d9i69 xkhd6sd x16tdsg8 x1hl2dhg xggy1nq x1a2a7pz xt0b8zv x1qq9wsj xo1l8bm\" tabindex=\"0\" role=\"link\" href=\"https:\/\/www.facebook.com\/hashtag\/elgobdelosguatemaltecos?__eep__=6&amp;__cft__[0]=AZUAYpjbwRFFKTQAOvZaagoIAwXK78hOhYs1I4VwcsF0sRiMXKq8w8MPX9h9KkebRkDWqYi51Rc1lqbeA-FEjWyXAxGn2vTeFnCHNpkrNY5v_M8pz-5abSW9y34aiGqsFvkrwsiUSXPgqzGBRKTkxnsUXdLoeHO4yX4BLqa3M7GlE2TRgxEvlo7sAQUj6kuNhd0&amp;__tn__=*NK-R\">#ElGobDeLosGuatemaltecos<\/a> <a class=\"x1i10hfl xjbqb8w x6umtig x1b1mbwd xaqea5y xav7gou x9f619 x1ypdohk xt0psk2 xe8uvvx xdj266r x11i5rnm xat24cr x1mh8g0r xexx8yu x4uap5 x18d9i69 xkhd6sd x16tdsg8 x1hl2dhg xggy1nq x1a2a7pz xt0b8zv x1qq9wsj xo1l8bm\" tabindex=\"0\" role=\"link\" href=\"https:\/\/www.facebook.com\/hashtag\/altaverapaz?__eep__=6&amp;__cft__[0]=AZUAYpjbwRFFKTQAOvZaagoIAwXK78hOhYs1I4VwcsF0sRiMXKq8w8MPX9h9KkebRkDWqYi51Rc1lqbeA-FEjWyXAxGn2vTeFnCHNpkrNY5v_M8pz-5abSW9y34aiGqsFvkrwsiUSXPgqzGBRKTkxnsUXdLoeHO4yX4BLqa3M7GlE2TRgxEvlo7sAQUj6kuNhd0&amp;__tn__=*NK-R\">#AltaVerapaz<\/a><\/div>\n<\/div>\n<div dir=\"auto\"><\/div>\n<div dir=\"auto\"><\/div>\n<div dir=\"auto\"><\/div>\n<div dir=\"auto\"><\/div>\n<div dir=\"auto\">\n<div><\/div>\n<\/div>\n","protected":false},"excerpt":{"rendered":"<p>Derivado a la coordinaci\u00f3n que se realiza cada mes con las diferentes Instituciones representadas ante el organismo colegiado del Codede AV, para consensuar los diferentes temas que encaminan el Desarrollo de los 17 Municipios del Departamento de #AltaVerapaz. El d\u00eda de hoy en el sal\u00f3n de las Am\u00e9ricas, del Palacio de Gobernaci\u00f3n, se llev\u00f3 a [&hellip;]<\/p>\n","protected":false},"author":1,"featured_media":14688,"comment_status":"closed","ping_status":"open","sticky":false,"template":"","format":"gallery","meta":[],"categories":[194],"tags":[178],"_links":{"self":[{"href":"https:\/\/gobernacionaltaverapaz.gob.gt\/index.php?rest_route=\/wp\/v2\/posts\/14695"}],"collection":[{"href":"https:\/\/gobernacionaltaverapaz.gob.gt\/index.php?rest_route=\/wp\/v2\/posts"}],"about":[{"href":"https:\/\/gobernacionaltaverapaz.gob.gt\/index.php?rest_route=\/wp\/v2\/types\/post"}],"author":[{"embeddable":true,"href":"https:\/\/gobernacionaltaverapaz.gob.gt\/index.php?rest_route=\/wp\/v2\/users\/1"}],"replies":[{"embeddable":true,"href":"https:\/\/gobernacionaltaverapaz.gob.gt\/index.php?rest_route=%2Fwp%2Fv2%2Fcomments&post=14695"}],"version-history":[{"count":2,"href":"https:\/\/gobernacionaltaverapaz.gob.gt\/index.php?rest_route=\/wp\/v2\/posts\/14695\/revisions"}],"predecessor-version":[{"id":14759,"href":"https:\/\/gobernacionaltaverapaz.gob.gt\/index.php?rest_route=\/wp\/v2\/posts\/14695\/revisions\/14759"}],"wp:featuredmedia":[{"embeddable":true,"href":"https:\/\/gobernacionaltaverapaz.gob.gt\/index.php?rest_route=\/wp\/v2\/media\/14688"}],"wp:attachment":[{"href":"https:\/\/gobernacionaltaverapaz.gob.gt\/index.php?rest_route=%2Fwp%2Fv2%2Fmedia&parent=14695"}],"wp:term":[{"taxonomy":"category","embeddable":true,"href":"https:\/\/gobernacionaltaverapaz.gob.gt\/index.php?rest_route=%2Fwp%2Fv2%2Fcategories&post=14695"},{"taxonomy":"post_tag","embeddable":true,"href":"https:\/\/gobernacionaltaverapaz.gob.gt\/index.php?rest_route=%2Fwp%2Fv2%2Ftags&post=14695"}],"curies":[{"name":"wp","href":"https:\/\/api.w.org\/{rel}","templated":true}]}}