{"id":14697,"date":"2023-03-27T15:45:30","date_gmt":"2023-03-27T21:45:30","guid":{"rendered":"https:\/\/gobernacionaltaverapaz.gob.gt\/?p=14697"},"modified":"2023-04-10T11:51:27","modified_gmt":"2023-04-10T17:51:27","slug":"firma-de-convenios-de-obra-entre-el-consejo-departamental-de-desarrollo-y-la-municipalidad-de-senahu","status":"publish","type":"post","link":"https:\/\/gobernacionaltaverapaz.gob.gt\/?p=14697","title":{"rendered":"Firma de convenios de obra entre el Consejo Departamental de Desarrollo y la Municipalidad de Senah\u00fa"},"content":{"rendered":"<div class=\"x11i5rnm xat24cr x1mh8g0r x1vvkbs xdj266r x126k92a\">\n<div dir=\"auto\" style=\"text-align: justify;\">Con el inter\u00e9s de promover el desarrollo en el Departamento, el Sr. Gobernador de Alta Verapaz, el d\u00eda de hoy llev\u00f3 a cabo el acto de la firma de convenios de ejecuci\u00f3n de obra entre el Consejo Departamental de Desarrollo y la Municipalidad de Senah\u00fa.<\/div>\n<\/div>\n<div class=\"x11i5rnm xat24cr x1mh8g0r x1vvkbs xtlvy1s x126k92a\">\n<div dir=\"auto\" style=\"text-align: justify;\">Convenios que permitir\u00e1 la ejecuci\u00f3n en este a\u00f1o de los proyectos:<\/div>\n<div dir=\"auto\" style=\"text-align: justify;\">Construcci\u00f3n Centro Comunitario de Salud Caser\u00edo Santo Domingo Actel\u00e1<\/div>\n<div dir=\"auto\" style=\"text-align: justify;\">Construcci\u00f3n Instituto B\u00e1sico de Telesecundaria Caser\u00edo la Monta\u00f1esa<\/div>\n<div dir=\"auto\" style=\"text-align: justify;\">Construcci\u00f3n Centro Comunitario de Salud Caser\u00edo San Francisco la Calera II, Senah\u00fa, <a class=\"x1i10hfl xjbqb8w x6umtig x1b1mbwd xaqea5y xav7gou x9f619 x1ypdohk xt0psk2 xe8uvvx xdj266r x11i5rnm xat24cr x1mh8g0r xexx8yu x4uap5 x18d9i69 xkhd6sd x16tdsg8 x1hl2dhg xggy1nq x1a2a7pz xt0b8zv x1qq9wsj xo1l8bm\" tabindex=\"0\" role=\"link\" href=\"https:\/\/www.facebook.com\/hashtag\/altaverapaz?__eep__=6&amp;__cft__[0]=AZXSPSxyz4r0v3ZA58QsTAyy_76aocKL2huG1Jz0eMiU3hPzlRmQ9RReICQCitwLpPrXpicYYuMvkSO5TvfGkn4SvvvVSU2LA4Ru1pV1mm6KhiSLUoQWcc-T7QtW_ggKzIlCBVfA3MC5wVg7vVTlQvT7bvHwpP-ZEeamwkzJR9BYrPTGMELQ2gi2SZn6-wVS2ZE&amp;__tn__=*NK-R\">#AltaVerapaz<\/a><\/div>\n<div dir=\"auto\" style=\"text-align: justify;\"><a class=\"x1i10hfl xjbqb8w x6umtig x1b1mbwd xaqea5y xav7gou x9f619 x1ypdohk xt0psk2 xe8uvvx xdj266r x11i5rnm xat24cr x1mh8g0r xexx8yu x4uap5 x18d9i69 xkhd6sd x16tdsg8 x1hl2dhg xggy1nq x1a2a7pz xt0b8zv x1qq9wsj xo1l8bm\" tabindex=\"0\" role=\"link\" href=\"https:\/\/www.facebook.com\/hashtag\/elgobdelosguatemaltecos?__eep__=6&amp;__cft__[0]=AZXSPSxyz4r0v3ZA58QsTAyy_76aocKL2huG1Jz0eMiU3hPzlRmQ9RReICQCitwLpPrXpicYYuMvkSO5TvfGkn4SvvvVSU2LA4Ru1pV1mm6KhiSLUoQWcc-T7QtW_ggKzIlCBVfA3MC5wVg7vVTlQvT7bvHwpP-ZEeamwkzJR9BYrPTGMELQ2gi2SZn6-wVS2ZE&amp;__tn__=*NK-R\">#ElGobDeLosGuatemaltecos<\/a><\/div>\n<\/div>\n<div dir=\"auto\"><\/div>\n<div dir=\"auto\"><\/div>\n<div dir=\"auto\"><img decoding=\"async\" loading=\"lazy\" class=\"alignnone size-full wp-image-14698\" src=\"https:\/\/gobernacionaltaverapaz.gob.gt\/wp-content\/uploads\/2023\/04\/01-1.jpg\" alt=\"\" width=\"900\" height=\"600\" srcset=\"https:\/\/gobernacionaltaverapaz.gob.gt\/wp-content\/uploads\/2023\/04\/01-1.jpg 900w, https:\/\/gobernacionaltaverapaz.gob.gt\/wp-content\/uploads\/2023\/04\/01-1-300x200.jpg 300w, https:\/\/gobernacionaltaverapaz.gob.gt\/wp-content\/uploads\/2023\/04\/01-1-768x512.jpg 768w\" sizes=\"(max-width: 900px) 100vw, 900px\" \/><\/div>\n<div dir=\"auto\"><\/div>\n<div dir=\"auto\"><\/div>\n","protected":false},"excerpt":{"rendered":"<p>Con el inter\u00e9s de promover el desarrollo en el Departamento, el Sr. Gobernador de Alta Verapaz, el d\u00eda de hoy llev\u00f3 a cabo el acto de la firma de convenios de ejecuci\u00f3n de obra entre el Consejo Departamental de Desarrollo y la Municipalidad de Senah\u00fa. Convenios que permitir\u00e1 la ejecuci\u00f3n en este a\u00f1o de los [&hellip;]<\/p>\n","protected":false},"author":1,"featured_media":14698,"comment_status":"closed","ping_status":"open","sticky":false,"template":"","format":"standard","meta":[],"categories":[194],"tags":[178],"_links":{"self":[{"href":"https:\/\/gobernacionaltaverapaz.gob.gt\/index.php?rest_route=\/wp\/v2\/posts\/14697"}],"collection":[{"href":"https:\/\/gobernacionaltaverapaz.gob.gt\/index.php?rest_route=\/wp\/v2\/posts"}],"about":[{"href":"https:\/\/gobernacionaltaverapaz.gob.gt\/index.php?rest_route=\/wp\/v2\/types\/post"}],"author":[{"embeddable":true,"href":"https:\/\/gobernacionaltaverapaz.gob.gt\/index.php?rest_route=\/wp\/v2\/users\/1"}],"replies":[{"embeddable":true,"href":"https:\/\/gobernacionaltaverapaz.gob.gt\/index.php?rest_route=%2Fwp%2Fv2%2Fcomments&post=14697"}],"version-history":[{"count":1,"href":"https:\/\/gobernacionaltaverapaz.gob.gt\/index.php?rest_route=\/wp\/v2\/posts\/14697\/revisions"}],"predecessor-version":[{"id":14699,"href":"https:\/\/gobernacionaltaverapaz.gob.gt\/index.php?rest_route=\/wp\/v2\/posts\/14697\/revisions\/14699"}],"wp:featuredmedia":[{"embeddable":true,"href":"https:\/\/gobernacionaltaverapaz.gob.gt\/index.php?rest_route=\/wp\/v2\/media\/14698"}],"wp:attachment":[{"href":"https:\/\/gobernacionaltaverapaz.gob.gt\/index.php?rest_route=%2Fwp%2Fv2%2Fmedia&parent=14697"}],"wp:term":[{"taxonomy":"category","embeddable":true,"href":"https:\/\/gobernacionaltaverapaz.gob.gt\/index.php?rest_route=%2Fwp%2Fv2%2Fcategories&post=14697"},{"taxonomy":"post_tag","embeddable":true,"href":"https:\/\/gobernacionaltaverapaz.gob.gt\/index.php?rest_route=%2Fwp%2Fv2%2Ftags&post=14697"}],"curies":[{"name":"wp","href":"https:\/\/api.w.org\/{rel}","templated":true}]}}