{"id":14713,"date":"2023-03-30T17:13:25","date_gmt":"2023-03-30T23:13:25","guid":{"rendered":"https:\/\/gobernacionaltaverapaz.gob.gt\/?p=14713"},"modified":"2023-04-10T11:54:39","modified_gmt":"2023-04-10T17:54:39","slug":"reunion-ordinaria-de-codesan","status":"publish","type":"post","link":"https:\/\/gobernacionaltaverapaz.gob.gt\/?p=14713","title":{"rendered":"Reuni\u00f3n Ordinaria de CODESAN"},"content":{"rendered":"<div class=\"x11i5rnm xat24cr x1mh8g0r x1vvkbs xtlvy1s x126k92a\">\n<div dir=\"auto\" style=\"text-align: justify;\">El Sr. Gobernador Departamental de Alta Verapaz, en su calidad de presidente de la Comisi\u00f3n Departamental de Seguridad Alimentaria y Nutricional -CODESAN-, presidi\u00f3 reuni\u00f3n ordinaria, con el objetivo de impulsar y coordinar acciones que promuevan la seguridad alimentaria y nutricional de los grupos poblacionales del departamento de Alta Verapaz.<\/div>\n<div dir=\"auto\" style=\"text-align: justify;\">Actividad que cont\u00f3 con la participaci\u00f3n activa del Subsecretario T\u00e9cnico de SESAN, delegados de las instituciones siguientes: SESAN, MIDES, MAGA, MSPAS, SEGEPLAN, SOSEP, BRIGADAS DE NUTRICIONISTAS DE UNICEF, entre otras.<\/div>\n<div dir=\"auto\" style=\"text-align: justify;\">En su intervenci\u00f3n el Sr. Gobernador, insto a los participantes a aunar esfuerzos para tomar acciones inmediatas para reducir los \u00edndices de desnutrici\u00f3n cr\u00f3nica en el territorio.<\/div>\n<\/div>\n<div class=\"x11i5rnm xat24cr x1mh8g0r x1vvkbs xtlvy1s x126k92a\">\n<div dir=\"auto\" style=\"text-align: justify;\">Como parte de los acuerdos de la reuni\u00f3n se estableci\u00f3 que los municipios priorizados ser\u00e1n: Santa Catalina la Tinta, Panz\u00f3s y Senah\u00fa, debido al n\u00famero de casos con desnutrici\u00f3n aguda.<\/div>\n<\/div>\n<div dir=\"auto\"><\/div>\n<div dir=\"auto\"><\/div>\n<div dir=\"auto\"><\/div>\n<div class=\"x11i5rnm xat24cr x1mh8g0r x1vvkbs xtlvy1s x126k92a\">\n<div dir=\"auto\"><a class=\"x1i10hfl xjbqb8w x6umtig x1b1mbwd xaqea5y xav7gou x9f619 x1ypdohk xt0psk2 xe8uvvx xdj266r x11i5rnm xat24cr x1mh8g0r xexx8yu x4uap5 x18d9i69 xkhd6sd x16tdsg8 x1hl2dhg xggy1nq x1a2a7pz xt0b8zv x1qq9wsj xo1l8bm\" tabindex=\"0\" role=\"link\" href=\"https:\/\/www.facebook.com\/hashtag\/elgobdelosguatemaltecos?__eep__=6&amp;__cft__[0]=AZUhb4M00KIWSkFlEtbrc9mIdfTfUCPSicAd7feIxUQh2PvWewXSMvI-y919LR9GxrQs4LpQt4zlmca9wVudv_LYNxgiD_p0fXsWLeodRFuXPNxhg7RAXOCoY-sEL_Z-CjWRTaazzBjvsXaPQDa2JmphuU9Tf9_rKpH5xHe9eNiwvLNznYW3LFtEmkXjarzWiJM&amp;__tn__=*NK-R\">#ElGobDeLosGuatemaltecos<\/a><\/div>\n<div dir=\"auto\"><a class=\"x1i10hfl xjbqb8w x6umtig x1b1mbwd xaqea5y xav7gou x9f619 x1ypdohk xt0psk2 xe8uvvx xdj266r x11i5rnm xat24cr x1mh8g0r xexx8yu x4uap5 x18d9i69 xkhd6sd x16tdsg8 x1hl2dhg xggy1nq x1a2a7pz xt0b8zv x1qq9wsj xo1l8bm\" tabindex=\"0\" role=\"link\" href=\"https:\/\/www.facebook.com\/hashtag\/accionesquetransforman?__eep__=6&amp;__cft__[0]=AZUhb4M00KIWSkFlEtbrc9mIdfTfUCPSicAd7feIxUQh2PvWewXSMvI-y919LR9GxrQs4LpQt4zlmca9wVudv_LYNxgiD_p0fXsWLeodRFuXPNxhg7RAXOCoY-sEL_Z-CjWRTaazzBjvsXaPQDa2JmphuU9Tf9_rKpH5xHe9eNiwvLNznYW3LFtEmkXjarzWiJM&amp;__tn__=*NK-R\">#AccionesQueTransforman<\/a><\/div>\n<\/div>\n<p>&nbsp;<\/p>\n<div><\/div>\n<p>&nbsp;<\/p>\n<p>&nbsp;<\/p>\n<p>&nbsp;<\/p>\n<p><a href=\"https:\/\/www.facebook.com\/photo\/?fbid=623071906527691&amp;set=pcb.623072133194335\"><img decoding=\"async\" loading=\"lazy\" class=\"alignnone wp-image-14714 size-full\" title=\"Ver galer\u00eda en Facebook\" src=\"https:\/\/gobernacionaltaverapaz.gob.gt\/wp-content\/uploads\/2023\/04\/galeria.jpg\" alt=\"\" width=\"215\" height=\"71\" \/><\/a><\/p>\n","protected":false},"excerpt":{"rendered":"<p>El Sr. Gobernador Departamental de Alta Verapaz, en su calidad de presidente de la Comisi\u00f3n Departamental de Seguridad Alimentaria y Nutricional -CODESAN-, presidi\u00f3 reuni\u00f3n ordinaria, con el objetivo de impulsar y coordinar acciones que promuevan la seguridad alimentaria y nutricional de los grupos poblacionales del departamento de Alta Verapaz. Actividad que cont\u00f3 con la participaci\u00f3n [&hellip;]<\/p>\n","protected":false},"author":1,"featured_media":14702,"comment_status":"closed","ping_status":"open","sticky":false,"template":"","format":"gallery","meta":[],"categories":[194],"tags":[178],"_links":{"self":[{"href":"https:\/\/gobernacionaltaverapaz.gob.gt\/index.php?rest_route=\/wp\/v2\/posts\/14713"}],"collection":[{"href":"https:\/\/gobernacionaltaverapaz.gob.gt\/index.php?rest_route=\/wp\/v2\/posts"}],"about":[{"href":"https:\/\/gobernacionaltaverapaz.gob.gt\/index.php?rest_route=\/wp\/v2\/types\/post"}],"author":[{"embeddable":true,"href":"https:\/\/gobernacionaltaverapaz.gob.gt\/index.php?rest_route=\/wp\/v2\/users\/1"}],"replies":[{"embeddable":true,"href":"https:\/\/gobernacionaltaverapaz.gob.gt\/index.php?rest_route=%2Fwp%2Fv2%2Fcomments&post=14713"}],"version-history":[{"count":2,"href":"https:\/\/gobernacionaltaverapaz.gob.gt\/index.php?rest_route=\/wp\/v2\/posts\/14713\/revisions"}],"predecessor-version":[{"id":14716,"href":"https:\/\/gobernacionaltaverapaz.gob.gt\/index.php?rest_route=\/wp\/v2\/posts\/14713\/revisions\/14716"}],"wp:featuredmedia":[{"embeddable":true,"href":"https:\/\/gobernacionaltaverapaz.gob.gt\/index.php?rest_route=\/wp\/v2\/media\/14702"}],"wp:attachment":[{"href":"https:\/\/gobernacionaltaverapaz.gob.gt\/index.php?rest_route=%2Fwp%2Fv2%2Fmedia&parent=14713"}],"wp:term":[{"taxonomy":"category","embeddable":true,"href":"https:\/\/gobernacionaltaverapaz.gob.gt\/index.php?rest_route=%2Fwp%2Fv2%2Fcategories&post=14713"},{"taxonomy":"post_tag","embeddable":true,"href":"https:\/\/gobernacionaltaverapaz.gob.gt\/index.php?rest_route=%2Fwp%2Fv2%2Ftags&post=14713"}],"curies":[{"name":"wp","href":"https:\/\/api.w.org\/{rel}","templated":true}]}}