{"id":14724,"date":"2023-04-01T15:05:52","date_gmt":"2023-04-01T21:05:52","guid":{"rendered":"https:\/\/gobernacionaltaverapaz.gob.gt\/?p=14724"},"modified":"2023-04-10T11:55:17","modified_gmt":"2023-04-10T17:55:17","slug":"inauguracion-del-campamento-del-sistema-nacional-de-prevencion-semana-santa-sinaprese-2023","status":"publish","type":"post","link":"https:\/\/gobernacionaltaverapaz.gob.gt\/?p=14724","title":{"rendered":"Inauguraci\u00f3n del campamento del (SINAPRESE 2023) Parque Nacional Las Conchas"},"content":{"rendered":"<div class=\"x11i5rnm xat24cr x1mh8g0r x1vvkbs xtlvy1s x126k92a\">\n<div dir=\"auto\" style=\"text-align: justify;\">El Gobernador Departamental de Alta Verapaz, en compa\u00f1ia del Jefe edil de este municipio, representantes del Ministerio de la Defensa Nacional (MDN), personeros del Instituto Guatemalteco de Turismo (INGUAT), miembros de Polic\u00eda Nacional Civil(PNC), delegados de la Coordinadora Nacional para la Reducci\u00f3n de Desastres (CONRED), y representantes del Ministerio de Salud P\u00fablica y Asistencia Social (MSPAS) y personal guarda recursos de este territorio, el d\u00eda de hoy hicieron presencia al Parque Nacional Las Conchas, con el Objetivo de dar por inaugurado el campamento del Sistema Nacional de Prevenci\u00f3n Semana Santa (SINAPRESE 2023).<\/div>\n<\/div>\n<div class=\"x11i5rnm xat24cr x1mh8g0r x1vvkbs xtlvy1s x126k92a\">\n<div dir=\"auto\" style=\"text-align: justify;\">El Sr. Gobernador hizo ver que todo est\u00e1 listo para propiciar la seguridad y tranquilidad de los veraneantes en las carreteras y especialmente en los lugares tur\u00edsticos, destacando que la prevenci\u00f3n es fundamental especialmente en esta temporada, en la cual se pone de manifiesto la econom\u00eda a trav\u00e9s de toda la cadena tur\u00edstica.<\/div>\n<\/div>\n<div dir=\"auto\"><\/div>\n<div dir=\"auto\"><\/div>\n<div dir=\"auto\"><\/div>\n<div dir=\"auto\"><\/div>\n<div dir=\"auto\">\n<div><\/div>\n<\/div>\n","protected":false},"excerpt":{"rendered":"<p>El Gobernador Departamental de Alta Verapaz, en compa\u00f1ia del Jefe edil de este municipio, representantes del Ministerio de la Defensa Nacional (MDN), personeros del Instituto Guatemalteco de Turismo (INGUAT), miembros de Polic\u00eda Nacional Civil(PNC), delegados de la Coordinadora Nacional para la Reducci\u00f3n de Desastres (CONRED), y representantes del Ministerio de Salud P\u00fablica y Asistencia Social [&hellip;]<\/p>\n","protected":false},"author":1,"featured_media":14717,"comment_status":"closed","ping_status":"open","sticky":false,"template":"","format":"gallery","meta":[],"categories":[183],"tags":[178],"_links":{"self":[{"href":"https:\/\/gobernacionaltaverapaz.gob.gt\/index.php?rest_route=\/wp\/v2\/posts\/14724"}],"collection":[{"href":"https:\/\/gobernacionaltaverapaz.gob.gt\/index.php?rest_route=\/wp\/v2\/posts"}],"about":[{"href":"https:\/\/gobernacionaltaverapaz.gob.gt\/index.php?rest_route=\/wp\/v2\/types\/post"}],"author":[{"embeddable":true,"href":"https:\/\/gobernacionaltaverapaz.gob.gt\/index.php?rest_route=\/wp\/v2\/users\/1"}],"replies":[{"embeddable":true,"href":"https:\/\/gobernacionaltaverapaz.gob.gt\/index.php?rest_route=%2Fwp%2Fv2%2Fcomments&post=14724"}],"version-history":[{"count":4,"href":"https:\/\/gobernacionaltaverapaz.gob.gt\/index.php?rest_route=\/wp\/v2\/posts\/14724\/revisions"}],"predecessor-version":[{"id":14737,"href":"https:\/\/gobernacionaltaverapaz.gob.gt\/index.php?rest_route=\/wp\/v2\/posts\/14724\/revisions\/14737"}],"wp:featuredmedia":[{"embeddable":true,"href":"https:\/\/gobernacionaltaverapaz.gob.gt\/index.php?rest_route=\/wp\/v2\/media\/14717"}],"wp:attachment":[{"href":"https:\/\/gobernacionaltaverapaz.gob.gt\/index.php?rest_route=%2Fwp%2Fv2%2Fmedia&parent=14724"}],"wp:term":[{"taxonomy":"category","embeddable":true,"href":"https:\/\/gobernacionaltaverapaz.gob.gt\/index.php?rest_route=%2Fwp%2Fv2%2Fcategories&post=14724"},{"taxonomy":"post_tag","embeddable":true,"href":"https:\/\/gobernacionaltaverapaz.gob.gt\/index.php?rest_route=%2Fwp%2Fv2%2Ftags&post=14724"}],"curies":[{"name":"wp","href":"https:\/\/api.w.org\/{rel}","templated":true}]}}