{"id":14741,"date":"2023-04-03T15:07:15","date_gmt":"2023-04-03T21:07:15","guid":{"rendered":"https:\/\/gobernacionaltaverapaz.gob.gt\/?p=14741"},"modified":"2023-04-10T11:56:15","modified_gmt":"2023-04-10T17:56:15","slug":"inauguracion-del-campamento-del-sinaprese-2023-monumento-natural-semuc-champey","status":"publish","type":"post","link":"https:\/\/gobernacionaltaverapaz.gob.gt\/?p=14741","title":{"rendered":"Inauguraci\u00f3n del campamento del (SINAPRESE 2023) Monumento Natural Semuc Champey"},"content":{"rendered":"<p style=\"text-align: justify;\"><span class=\"x193iq5w xeuugli x13faqbe x1vvkbs x1xmvt09 x1lliihq x1s928wv xhkezso x1gmr53x x1cpjm7i x1fgarty x1943h6x xudqn12 x3x7a5m x6prxxf xvq8zen xo1l8bm xzsf02u x1yc453h\" dir=\"auto\">El Gobernador Departamental de Alta Verapaz, en compa\u00f1\u00eda del Jefe edil de este municipio Y representantes del Ministerio de la Defensa Nacional (MDN), personeros del Instituto Guatemalteco de Turismo (INGUAT), miembros de Polic\u00eda Nacional Civil(PNC), delegados de la Coordinadora Nacional para la Reducci\u00f3n de Desastres (CONRED), y representantes del Ministerio de Salud P\u00fablica y Asistencia Social (MSPAS), el d\u00eda de hoy hicieron presencia al Monumento Natural Semuc Champey, con el Objetivo de dar por inaugurado el Segundo campamento del Sistema Nacional de Prevenci\u00f3n Semana Santa (SINAPRESE 2023).<\/span><\/p>\n<p>&nbsp;<\/p>\n<p>&nbsp;<\/p>\n<div><\/div>\n","protected":false},"excerpt":{"rendered":"<p>El Gobernador Departamental de Alta Verapaz, en compa\u00f1\u00eda del Jefe edil de este municipio Y representantes del Ministerio de la Defensa Nacional (MDN), personeros del Instituto Guatemalteco de Turismo (INGUAT), miembros de Polic\u00eda Nacional Civil(PNC), delegados de la Coordinadora Nacional para la Reducci\u00f3n de Desastres (CONRED), y representantes del Ministerio de Salud P\u00fablica y Asistencia [&hellip;]<\/p>\n","protected":false},"author":1,"featured_media":14738,"comment_status":"closed","ping_status":"open","sticky":false,"template":"","format":"gallery","meta":[],"categories":[183],"tags":[178],"_links":{"self":[{"href":"https:\/\/gobernacionaltaverapaz.gob.gt\/index.php?rest_route=\/wp\/v2\/posts\/14741"}],"collection":[{"href":"https:\/\/gobernacionaltaverapaz.gob.gt\/index.php?rest_route=\/wp\/v2\/posts"}],"about":[{"href":"https:\/\/gobernacionaltaverapaz.gob.gt\/index.php?rest_route=\/wp\/v2\/types\/post"}],"author":[{"embeddable":true,"href":"https:\/\/gobernacionaltaverapaz.gob.gt\/index.php?rest_route=\/wp\/v2\/users\/1"}],"replies":[{"embeddable":true,"href":"https:\/\/gobernacionaltaverapaz.gob.gt\/index.php?rest_route=%2Fwp%2Fv2%2Fcomments&post=14741"}],"version-history":[{"count":2,"href":"https:\/\/gobernacionaltaverapaz.gob.gt\/index.php?rest_route=\/wp\/v2\/posts\/14741\/revisions"}],"predecessor-version":[{"id":14743,"href":"https:\/\/gobernacionaltaverapaz.gob.gt\/index.php?rest_route=\/wp\/v2\/posts\/14741\/revisions\/14743"}],"wp:featuredmedia":[{"embeddable":true,"href":"https:\/\/gobernacionaltaverapaz.gob.gt\/index.php?rest_route=\/wp\/v2\/media\/14738"}],"wp:attachment":[{"href":"https:\/\/gobernacionaltaverapaz.gob.gt\/index.php?rest_route=%2Fwp%2Fv2%2Fmedia&parent=14741"}],"wp:term":[{"taxonomy":"category","embeddable":true,"href":"https:\/\/gobernacionaltaverapaz.gob.gt\/index.php?rest_route=%2Fwp%2Fv2%2Fcategories&post=14741"},{"taxonomy":"post_tag","embeddable":true,"href":"https:\/\/gobernacionaltaverapaz.gob.gt\/index.php?rest_route=%2Fwp%2Fv2%2Ftags&post=14741"}],"curies":[{"name":"wp","href":"https:\/\/api.w.org\/{rel}","templated":true}]}}