{"id":14760,"date":"2023-04-07T20:02:28","date_gmt":"2023-04-08T02:02:28","guid":{"rendered":"https:\/\/gobernacionaltaverapaz.gob.gt\/?p=14760"},"modified":"2023-04-10T12:36:51","modified_gmt":"2023-04-10T18:36:51","slug":"elaboracion-de-alfombras","status":"publish","type":"post","link":"https:\/\/gobernacionaltaverapaz.gob.gt\/?p=14760","title":{"rendered":"Elaboraci\u00f3n de alfombras"},"content":{"rendered":"<div class=\"\" dir=\"auto\">\n<div class=\"\" dir=\"auto\">\n<div class=\"x1iorvi4 x1pi30zi x1swvt13 x1l90r2v\" data-ad-comet-preview=\"message\" data-ad-preview=\"message\">\n<div class=\"x78zum5 xdt5ytf xz62fqu x16ldp7u\">\n<div class=\"xu06os2 x1ok221b\">\n<div class=\"x11i5rnm xat24cr x1mh8g0r x1vvkbs xdj266r x126k92a\">\n<div dir=\"auto\" style=\"text-align: justify;\">Colores, dise\u00f1os, formas y texturas son parte de las alfombras que cientos de guatemaltecos elaboran con devoci\u00f3n en la <a class=\"x1i10hfl xjbqb8w x6umtig x1b1mbwd xaqea5y xav7gou x9f619 x1ypdohk xt0psk2 xe8uvvx xdj266r x11i5rnm xat24cr x1mh8g0r xexx8yu x4uap5 x18d9i69 xkhd6sd x16tdsg8 x1hl2dhg xggy1nq x1a2a7pz xt0b8zv x1qq9wsj xo1l8bm\" tabindex=\"0\" role=\"link\" href=\"https:\/\/www.facebook.com\/hashtag\/semanasantagt?__eep__=6&amp;__cft__[0]=AZWkwpzvpKV5-fhYFhhOMZZC6CrkqySFvHWwnaT0Bq1s4NTzMr525hoLyi2nwZwLwa4pBPeZeiN5F1UYBAZZTWuS1h0-1z8kxEJJqoy7WemZun6Rn4uwRpWUKUzHO6bjAE8qQCnXMbPEwi9YHu2SA1_17DlKcwCG2enqFkC85PBEpM8DWc9eCiEi4aEITLVzqQN83Fd6tFP73IwjuCs_aXdg&amp;__tn__=*NK-y-R\">#SemanaSantaGT<\/a>.<\/div>\n<\/div>\n<div class=\"x11i5rnm xat24cr x1mh8g0r x1vvkbs xtlvy1s x126k92a\">\n<div dir=\"auto\" style=\"text-align: justify;\">Conoce a la familia Vel\u00e1squez, que cada a\u00f1o se prepara para ver pasar a Jes\u00fas Nazareno de la Ca\u00edda.<a class=\"x1i10hfl xjbqb8w x6umtig x1b1mbwd xaqea5y xav7gou x9f619 x1ypdohk xt0psk2 xe8uvvx xdj266r x11i5rnm xat24cr x1mh8g0r xexx8yu x4uap5 x18d9i69 xkhd6sd x16tdsg8 x1hl2dhg xggy1nq x1a2a7pz xt0b8zv x1qq9wsj xo1l8bm\" tabindex=\"0\" role=\"link\" href=\"https:\/\/www.facebook.com\/hashtag\/protagonistasdenuestrotiempo?__eep__=6&amp;__cft__[0]=AZWkwpzvpKV5-fhYFhhOMZZC6CrkqySFvHWwnaT0Bq1s4NTzMr525hoLyi2nwZwLwa4pBPeZeiN5F1UYBAZZTWuS1h0-1z8kxEJJqoy7WemZun6Rn4uwRpWUKUzHO6bjAE8qQCnXMbPEwi9YHu2SA1_17DlKcwCG2enqFkC85PBEpM8DWc9eCiEi4aEITLVzqQN83Fd6tFP73IwjuCs_aXdg&amp;__tn__=*NK-y-R\"> #ProtagonistasDeNuestroTiemp<\/a>o<\/div>\n<\/div>\n<\/div>\n<\/div>\n<\/div>\n<\/div>\n<\/div>\n<p>&nbsp;<\/p>\n<p><a href=\"https:\/\/www.facebook.com\/GobernacionAV\/posts\/pfbid02BxQWSQeFrLiE6qsTkEW1RKVRgjqatWHicPMoSYR113a57UWh2o17XPGs5evL9M22l?__cft__[0]=AZWkwpzvpKV5-fhYFhhOMZZC6CrkqySFvHWwnaT0Bq1s4NTzMr525hoLyi2nwZwLwa4pBPeZeiN5F1UYBAZZTWuS1h0-1z8kxEJJqoy7WemZun6Rn4uwRpWUKUzHO6bjAE8qQCnXMbPEwi9YHu2SA1_17DlKcwCG2enqFkC85PBEpM8DWc9eCiEi4aEITLVzqQN83Fd6tFP73IwjuCs_aXdg&amp;__tn__=%2CO%2CP-R\"><img decoding=\"async\" loading=\"lazy\" class=\"alignnone wp-image-14761 size-full\" title=\"Ver video en Facebook\" src=\"https:\/\/gobernacionaltaverapaz.gob.gt\/wp-content\/uploads\/2023\/04\/01-8.jpg\" alt=\"\" width=\"900\" height=\"600\" srcset=\"https:\/\/gobernacionaltaverapaz.gob.gt\/wp-content\/uploads\/2023\/04\/01-8.jpg 900w, https:\/\/gobernacionaltaverapaz.gob.gt\/wp-content\/uploads\/2023\/04\/01-8-300x200.jpg 300w, https:\/\/gobernacionaltaverapaz.gob.gt\/wp-content\/uploads\/2023\/04\/01-8-768x512.jpg 768w\" sizes=\"(max-width: 900px) 100vw, 900px\" \/><\/a><\/p>\n","protected":false},"excerpt":{"rendered":"<p>Colores, dise\u00f1os, formas y texturas son parte de las alfombras que cientos de guatemaltecos elaboran con devoci\u00f3n en la #SemanaSantaGT. Conoce a la familia Vel\u00e1squez, que cada a\u00f1o se prepara para ver pasar a Jes\u00fas Nazareno de la Ca\u00edda. #ProtagonistasDeNuestroTiempo &nbsp;<\/p>\n","protected":false},"author":1,"featured_media":14762,"comment_status":"closed","ping_status":"open","sticky":false,"template":"","format":"video","meta":[],"categories":[183],"tags":[178],"_links":{"self":[{"href":"https:\/\/gobernacionaltaverapaz.gob.gt\/index.php?rest_route=\/wp\/v2\/posts\/14760"}],"collection":[{"href":"https:\/\/gobernacionaltaverapaz.gob.gt\/index.php?rest_route=\/wp\/v2\/posts"}],"about":[{"href":"https:\/\/gobernacionaltaverapaz.gob.gt\/index.php?rest_route=\/wp\/v2\/types\/post"}],"author":[{"embeddable":true,"href":"https:\/\/gobernacionaltaverapaz.gob.gt\/index.php?rest_route=\/wp\/v2\/users\/1"}],"replies":[{"embeddable":true,"href":"https:\/\/gobernacionaltaverapaz.gob.gt\/index.php?rest_route=%2Fwp%2Fv2%2Fcomments&post=14760"}],"version-history":[{"count":1,"href":"https:\/\/gobernacionaltaverapaz.gob.gt\/index.php?rest_route=\/wp\/v2\/posts\/14760\/revisions"}],"predecessor-version":[{"id":14763,"href":"https:\/\/gobernacionaltaverapaz.gob.gt\/index.php?rest_route=\/wp\/v2\/posts\/14760\/revisions\/14763"}],"wp:featuredmedia":[{"embeddable":true,"href":"https:\/\/gobernacionaltaverapaz.gob.gt\/index.php?rest_route=\/wp\/v2\/media\/14762"}],"wp:attachment":[{"href":"https:\/\/gobernacionaltaverapaz.gob.gt\/index.php?rest_route=%2Fwp%2Fv2%2Fmedia&parent=14760"}],"wp:term":[{"taxonomy":"category","embeddable":true,"href":"https:\/\/gobernacionaltaverapaz.gob.gt\/index.php?rest_route=%2Fwp%2Fv2%2Fcategories&post=14760"},{"taxonomy":"post_tag","embeddable":true,"href":"https:\/\/gobernacionaltaverapaz.gob.gt\/index.php?rest_route=%2Fwp%2Fv2%2Ftags&post=14760"}],"curies":[{"name":"wp","href":"https:\/\/api.w.org\/{rel}","templated":true}]}}