{"id":14786,"date":"2023-04-12T16:13:38","date_gmt":"2023-04-12T22:13:38","guid":{"rendered":"https:\/\/gobernacionaltaverapaz.gob.gt\/?p=14786"},"modified":"2023-04-20T14:48:08","modified_gmt":"2023-04-20T20:48:08","slug":"capacitacion-en-agricultura-en-el-departamento-de-jalapa","status":"publish","type":"post","link":"https:\/\/gobernacionaltaverapaz.gob.gt\/?p=14786","title":{"rendered":"Capacitaci\u00f3n en agricultura en el departamento de Jalapa"},"content":{"rendered":"<p><span class=\"x193iq5w xeuugli x13faqbe x1vvkbs x1xmvt09 x1lliihq x1s928wv xhkezso x1gmr53x x1cpjm7i x1fgarty x1943h6x xudqn12 x3x7a5m x6prxxf xvq8zen xo1l8bm xzsf02u x1yc453h\" dir=\"auto\"><a class=\"x1i10hfl xjbqb8w x6umtig x1b1mbwd xaqea5y xav7gou x9f619 x1ypdohk xt0psk2 xe8uvvx xdj266r x11i5rnm xat24cr x1mh8g0r xexx8yu x4uap5 x18d9i69 xkhd6sd x16tdsg8 x1hl2dhg xggy1nq x1a2a7pz xt0b8zv x1qq9wsj xo1l8bm\" tabindex=\"0\" role=\"link\" href=\"https:\/\/www.facebook.com\/hashtag\/protagonistasdenuestrotiempo?__eep__=6&amp;__cft__[0]=AZUDwetgt0ON6aD4RQn2Fjfo_ghqdG9eU6oToSWFC68DJao4X9jbyfPlbtCDBA5dAB_am6SmGkTU_RHCdlsFts5wtYe7l1WFIHyxxd9SNXrwVUgF5-w3GOSwv9tK5HDJ44zxZ2c9OMm4lL0x0QP8NzTxczjOmvt--qnNVt-FbPNfIEtKnjcPCQKyEwdR7doWwl4ZL6BFxHZkdg8tHcGuhqrr&amp;__tn__=*NK-y-R\">#ProtagonistasDeNuestroTiempo<\/a> | <\/span><\/p>\n<p style=\"text-align: justify;\"><span class=\"x193iq5w xeuugli x13faqbe x1vvkbs x1xmvt09 x1lliihq x1s928wv xhkezso x1gmr53x x1cpjm7i x1fgarty x1943h6x xudqn12 x3x7a5m x6prxxf xvq8zen xo1l8bm xzsf02u x1yc453h\" dir=\"auto\">El Ministerio de Agricultura, Ganader\u00eda y Alimentaci\u00f3n ha implementado diversos proyectos de capacitaci\u00f3n en agricultura en el departamento de Jalapa. A trav\u00e9s de estas acciones continuamos fortaleciendo la seguridad alimentaria de las familias guatemaltecas.<\/span><\/p>\n<p>&nbsp;<\/p>\n<p>&nbsp;<\/p>\n<p><a href=\"https:\/\/www.facebook.com\/GobernacionAV\/posts\/pfbid0sdaZ5LWziJhGP6EFjwgStYe1vrroX8Hp8UQXeMaz7JJLGhcY3DdnMmdFqLSmMQ9bl?__cft__[0]=AZUDwetgt0ON6aD4RQn2Fjfo_ghqdG9eU6oToSWFC68DJao4X9jbyfPlbtCDBA5dAB_am6SmGkTU_RHCdlsFts5wtYe7l1WFIHyxxd9SNXrwVUgF5-w3GOSwv9tK5HDJ44zxZ2c9OMm4lL0x0QP8NzTxczjOmvt--qnNVt-FbPNfIEtKnjcPCQKyEwdR7doWwl4ZL6BFxHZkdg8tHcGuhqrr&amp;__tn__=%2CO%2CP-R\"><img decoding=\"async\" loading=\"lazy\" class=\"alignnone wp-image-14787 size-full\" title=\"Ver video en Facebook\" src=\"https:\/\/gobernacionaltaverapaz.gob.gt\/wp-content\/uploads\/2023\/04\/01-12.jpg\" alt=\"\" width=\"900\" height=\"600\" srcset=\"https:\/\/gobernacionaltaverapaz.gob.gt\/wp-content\/uploads\/2023\/04\/01-12.jpg 900w, https:\/\/gobernacionaltaverapaz.gob.gt\/wp-content\/uploads\/2023\/04\/01-12-300x200.jpg 300w, https:\/\/gobernacionaltaverapaz.gob.gt\/wp-content\/uploads\/2023\/04\/01-12-768x512.jpg 768w\" sizes=\"(max-width: 900px) 100vw, 900px\" \/><\/a><\/p>\n","protected":false},"excerpt":{"rendered":"<p>#ProtagonistasDeNuestroTiempo | El Ministerio de Agricultura, Ganader\u00eda y Alimentaci\u00f3n ha implementado diversos proyectos de capacitaci\u00f3n en agricultura en el departamento de Jalapa. A trav\u00e9s de estas acciones continuamos fortaleciendo la seguridad alimentaria de las familias guatemaltecas. &nbsp; &nbsp;<\/p>\n","protected":false},"author":1,"featured_media":14788,"comment_status":"closed","ping_status":"open","sticky":false,"template":"","format":"gallery","meta":[],"categories":[7],"tags":[178],"_links":{"self":[{"href":"https:\/\/gobernacionaltaverapaz.gob.gt\/index.php?rest_route=\/wp\/v2\/posts\/14786"}],"collection":[{"href":"https:\/\/gobernacionaltaverapaz.gob.gt\/index.php?rest_route=\/wp\/v2\/posts"}],"about":[{"href":"https:\/\/gobernacionaltaverapaz.gob.gt\/index.php?rest_route=\/wp\/v2\/types\/post"}],"author":[{"embeddable":true,"href":"https:\/\/gobernacionaltaverapaz.gob.gt\/index.php?rest_route=\/wp\/v2\/users\/1"}],"replies":[{"embeddable":true,"href":"https:\/\/gobernacionaltaverapaz.gob.gt\/index.php?rest_route=%2Fwp%2Fv2%2Fcomments&post=14786"}],"version-history":[{"count":1,"href":"https:\/\/gobernacionaltaverapaz.gob.gt\/index.php?rest_route=\/wp\/v2\/posts\/14786\/revisions"}],"predecessor-version":[{"id":14789,"href":"https:\/\/gobernacionaltaverapaz.gob.gt\/index.php?rest_route=\/wp\/v2\/posts\/14786\/revisions\/14789"}],"wp:featuredmedia":[{"embeddable":true,"href":"https:\/\/gobernacionaltaverapaz.gob.gt\/index.php?rest_route=\/wp\/v2\/media\/14788"}],"wp:attachment":[{"href":"https:\/\/gobernacionaltaverapaz.gob.gt\/index.php?rest_route=%2Fwp%2Fv2%2Fmedia&parent=14786"}],"wp:term":[{"taxonomy":"category","embeddable":true,"href":"https:\/\/gobernacionaltaverapaz.gob.gt\/index.php?rest_route=%2Fwp%2Fv2%2Fcategories&post=14786"},{"taxonomy":"post_tag","embeddable":true,"href":"https:\/\/gobernacionaltaverapaz.gob.gt\/index.php?rest_route=%2Fwp%2Fv2%2Ftags&post=14786"}],"curies":[{"name":"wp","href":"https:\/\/api.w.org\/{rel}","templated":true}]}}