{"id":14790,"date":"2023-04-13T16:20:50","date_gmt":"2023-04-13T22:20:50","guid":{"rendered":"https:\/\/gobernacionaltaverapaz.gob.gt\/?p=14790"},"modified":"2023-04-20T14:56:46","modified_gmt":"2023-04-20T20:56:46","slug":"programa-del-aporte-economico-del-adulto-mayor","status":"publish","type":"post","link":"https:\/\/gobernacionaltaverapaz.gob.gt\/?p=14790","title":{"rendered":"Programa del Aporte Econ\u00f3mico del Adulto Mayor"},"content":{"rendered":"<div class=\"\" dir=\"auto\">\n<div class=\"\" dir=\"auto\">\n<div class=\"x1iorvi4 x1pi30zi x1swvt13 x1l90r2v\" data-ad-comet-preview=\"message\" data-ad-preview=\"message\">\n<div class=\"x78zum5 xdt5ytf xz62fqu x16ldp7u\">\n<div class=\"xu06os2 x1ok221b\">\n<div class=\"x11i5rnm xat24cr x1mh8g0r x1vvkbs xdj266r x126k92a\">\n<div dir=\"auto\" style=\"text-align: justify;\">El Programa del Aporte Econ\u00f3mico del Adulto Mayor <a class=\"x1i10hfl xjbqb8w x6umtig x1b1mbwd xaqea5y xav7gou x9f619 x1ypdohk xt0psk2 xe8uvvx xdj266r x11i5rnm xat24cr x1mh8g0r xexx8yu x4uap5 x18d9i69 xkhd6sd x16tdsg8 x1hl2dhg xggy1nq x1a2a7pz xt0b8zv x1qq9wsj xo1l8bm\" tabindex=\"0\" role=\"link\" href=\"https:\/\/www.facebook.com\/hashtag\/pam?__eep__=6&amp;__cft__[0]=AZWr55AI0zaOLtZ9Co10i2VcMVgkx_a_HPY_OB4DEtIslLh9PKc_SLvP00KmYCrJou8PAyVQ-Cq3p2sMPv3lXl97Rn0TL8C2WlWg7tJX5Gp_idQKwT0pPU8zEHdsRDFNjH363GnyomKCKavH0PPSWRh-c0T3rMcste5xtcdWHKLoXd5uQfYJecf1esdl-IV7H9bK9Wsll43QywZcyPEiz4S_&amp;__tn__=*NK-y-R\">#PAM<\/a>, impulsado por el <a class=\"x1i10hfl xjbqb8w x6umtig x1b1mbwd xaqea5y xav7gou x9f619 x1ypdohk xt0psk2 xe8uvvx xdj266r x11i5rnm xat24cr x1mh8g0r xexx8yu x4uap5 x18d9i69 xkhd6sd x16tdsg8 x1hl2dhg xggy1nq x1a2a7pz xt0b8zv x1qq9wsj xo1l8bm\" tabindex=\"0\" role=\"link\" href=\"https:\/\/www.facebook.com\/Mintrabajoguatemala?__cft__[0]=AZWr55AI0zaOLtZ9Co10i2VcMVgkx_a_HPY_OB4DEtIslLh9PKc_SLvP00KmYCrJou8PAyVQ-Cq3p2sMPv3lXl97Rn0TL8C2WlWg7tJX5Gp_idQKwT0pPU8zEHdsRDFNjH363GnyomKCKavH0PPSWRh-c0T3rMcste5xtcdWHKLoXd5uQfYJecf1esdl-IV7H9bK9Wsll43QywZcyPEiz4S_&amp;__tn__=-]K-y-R\"><span class=\"xt0psk2\">Ministerio de Trabajo y Previsi\u00f3n Social<\/span><\/a>, contin\u00faa transformando la vida de miles de guatemaltecos en el \u00e1rea rural.<\/div>\n<\/div>\n<div class=\"x11i5rnm xat24cr x1mh8g0r x1vvkbs xtlvy1s x126k92a\">\n<div dir=\"auto\" style=\"text-align: justify;\">Conozca la historia de C\u00e1ndida Santa Mar\u00eda.<\/div>\n<div dir=\"auto\"><\/div>\n<div dir=\"auto\"><\/div>\n<div dir=\"auto\" style=\"text-align: justify;\"><a class=\"x1i10hfl xjbqb8w x6umtig x1b1mbwd xaqea5y xav7gou x9f619 x1ypdohk xt0psk2 xe8uvvx xdj266r x11i5rnm xat24cr x1mh8g0r xexx8yu x4uap5 x18d9i69 xkhd6sd x16tdsg8 x1hl2dhg xggy1nq x1a2a7pz xt0b8zv x1qq9wsj xo1l8bm\" tabindex=\"0\" role=\"link\" href=\"https:\/\/www.facebook.com\/hashtag\/protagonistasdenuestrotiempo?__eep__=6&amp;__cft__[0]=AZWr55AI0zaOLtZ9Co10i2VcMVgkx_a_HPY_OB4DEtIslLh9PKc_SLvP00KmYCrJou8PAyVQ-Cq3p2sMPv3lXl97Rn0TL8C2WlWg7tJX5Gp_idQKwT0pPU8zEHdsRDFNjH363GnyomKCKavH0PPSWRh-c0T3rMcste5xtcdWHKLoXd5uQfYJecf1esdl-IV7H9bK9Wsll43QywZcyPEiz4S_&amp;__tn__=*NK-y-R\">#ProtagonistasDeNuestroTiempo<\/a><\/div>\n<\/div>\n<\/div>\n<\/div>\n<\/div>\n<\/div>\n<\/div>\n<p>&nbsp;<\/p>\n<p>&nbsp;<\/p>\n<p><a href=\"https:\/\/www.facebook.com\/GobernacionAV\/posts\/pfbid0nkizBC7cQ1M8FuzE2TaAhGwN8G6NgAW8p9WCyDPMe6VrKRURQ6to4UCswxzyRQgrl?__cft__[0]=AZWr55AI0zaOLtZ9Co10i2VcMVgkx_a_HPY_OB4DEtIslLh9PKc_SLvP00KmYCrJou8PAyVQ-Cq3p2sMPv3lXl97Rn0TL8C2WlWg7tJX5Gp_idQKwT0pPU8zEHdsRDFNjH363GnyomKCKavH0PPSWRh-c0T3rMcste5xtcdWHKLoXd5uQfYJecf1esdl-IV7H9bK9Wsll43QywZcyPEiz4S_&amp;__tn__=%2CO%2CP-R\"><img decoding=\"async\" loading=\"lazy\" class=\"alignnone wp-image-14791 size-full\" title=\"Ver video en Facebook\" src=\"https:\/\/gobernacionaltaverapaz.gob.gt\/wp-content\/uploads\/2023\/04\/01-13.jpg\" alt=\"\" width=\"900\" height=\"600\" srcset=\"https:\/\/gobernacionaltaverapaz.gob.gt\/wp-content\/uploads\/2023\/04\/01-13.jpg 900w, https:\/\/gobernacionaltaverapaz.gob.gt\/wp-content\/uploads\/2023\/04\/01-13-300x200.jpg 300w, https:\/\/gobernacionaltaverapaz.gob.gt\/wp-content\/uploads\/2023\/04\/01-13-768x512.jpg 768w\" sizes=\"(max-width: 900px) 100vw, 900px\" \/><\/a><\/p>\n<p>&nbsp;<\/p>\n<p>&nbsp;<\/p>\n","protected":false},"excerpt":{"rendered":"<p>El Programa del Aporte Econ\u00f3mico del Adulto Mayor #PAM, impulsado por el Ministerio de Trabajo y Previsi\u00f3n Social, contin\u00faa transformando la vida de miles de guatemaltecos en el \u00e1rea rural. Conozca la historia de C\u00e1ndida Santa Mar\u00eda. #ProtagonistasDeNuestroTiempo &nbsp; &nbsp; &nbsp; &nbsp;<\/p>\n","protected":false},"author":1,"featured_media":14792,"comment_status":"closed","ping_status":"open","sticky":false,"template":"","format":"gallery","meta":[],"categories":[183],"tags":[178],"_links":{"self":[{"href":"https:\/\/gobernacionaltaverapaz.gob.gt\/index.php?rest_route=\/wp\/v2\/posts\/14790"}],"collection":[{"href":"https:\/\/gobernacionaltaverapaz.gob.gt\/index.php?rest_route=\/wp\/v2\/posts"}],"about":[{"href":"https:\/\/gobernacionaltaverapaz.gob.gt\/index.php?rest_route=\/wp\/v2\/types\/post"}],"author":[{"embeddable":true,"href":"https:\/\/gobernacionaltaverapaz.gob.gt\/index.php?rest_route=\/wp\/v2\/users\/1"}],"replies":[{"embeddable":true,"href":"https:\/\/gobernacionaltaverapaz.gob.gt\/index.php?rest_route=%2Fwp%2Fv2%2Fcomments&post=14790"}],"version-history":[{"count":1,"href":"https:\/\/gobernacionaltaverapaz.gob.gt\/index.php?rest_route=\/wp\/v2\/posts\/14790\/revisions"}],"predecessor-version":[{"id":14793,"href":"https:\/\/gobernacionaltaverapaz.gob.gt\/index.php?rest_route=\/wp\/v2\/posts\/14790\/revisions\/14793"}],"wp:featuredmedia":[{"embeddable":true,"href":"https:\/\/gobernacionaltaverapaz.gob.gt\/index.php?rest_route=\/wp\/v2\/media\/14792"}],"wp:attachment":[{"href":"https:\/\/gobernacionaltaverapaz.gob.gt\/index.php?rest_route=%2Fwp%2Fv2%2Fmedia&parent=14790"}],"wp:term":[{"taxonomy":"category","embeddable":true,"href":"https:\/\/gobernacionaltaverapaz.gob.gt\/index.php?rest_route=%2Fwp%2Fv2%2Fcategories&post=14790"},{"taxonomy":"post_tag","embeddable":true,"href":"https:\/\/gobernacionaltaverapaz.gob.gt\/index.php?rest_route=%2Fwp%2Fv2%2Ftags&post=14790"}],"curies":[{"name":"wp","href":"https:\/\/api.w.org\/{rel}","templated":true}]}}