{"id":14797,"date":"2023-04-14T16:09:25","date_gmt":"2023-04-14T22:09:25","guid":{"rendered":"https:\/\/gobernacionaltaverapaz.gob.gt\/?p=14797"},"modified":"2023-04-26T11:58:55","modified_gmt":"2023-04-26T17:58:55","slug":"firma-de-convenio-de-ejecucion-de-obra-de-san-cristobal-verapaz","status":"publish","type":"post","link":"https:\/\/gobernacionaltaverapaz.gob.gt\/?p=14797","title":{"rendered":"Firma de convenio de ejecuci\u00f3n de obra de San Crist\u00f3bal Verapaz"},"content":{"rendered":"<div class=\"xdj266r x11i5rnm xat24cr x1mh8g0r x1vvkbs x126k92a\">\n<div dir=\"auto\" style=\"text-align: justify;\">Con el inter\u00e9s de promover el desarrollo en el Departamento, el Sr. Gobernador de Alta Verapaz, el d\u00eda de hoy llev\u00f3 a cabo el acto de la firma de convenio de ejecuci\u00f3n de obra entre el Consejo Departamental de Desarrollo y la Municipalidad de San Crist\u00f3bal Verapaz.<\/div>\n<div dir=\"auto\" style=\"text-align: justify;\">Convenio que permitir\u00e1 la ejecuci\u00f3n en este a\u00f1o del proyecto:<\/div>\n<div dir=\"auto\"><\/div>\n<\/div>\n<div class=\"x11i5rnm xat24cr x1mh8g0r x1vvkbs xtlvy1s x126k92a\">\n<div dir=\"auto\">Mejoramiento Escuela Primaria Finca Santa In\u00e9s Chicar, San Crist\u00f3bal Verapaz.<\/div>\n<\/div>\n<p>&nbsp;<\/p>\n<p>&nbsp;<\/p>\n<p>&nbsp;<\/p>\n<div><\/div>\n","protected":false},"excerpt":{"rendered":"<p>Con el inter\u00e9s de promover el desarrollo en el Departamento, el Sr. Gobernador de Alta Verapaz, el d\u00eda de hoy llev\u00f3 a cabo el acto de la firma de convenio de ejecuci\u00f3n de obra entre el Consejo Departamental de Desarrollo y la Municipalidad de San Crist\u00f3bal Verapaz. Convenio que permitir\u00e1 la ejecuci\u00f3n en este a\u00f1o [&hellip;]<\/p>\n","protected":false},"author":1,"featured_media":14794,"comment_status":"closed","ping_status":"open","sticky":false,"template":"","format":"gallery","meta":[],"categories":[4],"tags":[178],"_links":{"self":[{"href":"https:\/\/gobernacionaltaverapaz.gob.gt\/index.php?rest_route=\/wp\/v2\/posts\/14797"}],"collection":[{"href":"https:\/\/gobernacionaltaverapaz.gob.gt\/index.php?rest_route=\/wp\/v2\/posts"}],"about":[{"href":"https:\/\/gobernacionaltaverapaz.gob.gt\/index.php?rest_route=\/wp\/v2\/types\/post"}],"author":[{"embeddable":true,"href":"https:\/\/gobernacionaltaverapaz.gob.gt\/index.php?rest_route=\/wp\/v2\/users\/1"}],"replies":[{"embeddable":true,"href":"https:\/\/gobernacionaltaverapaz.gob.gt\/index.php?rest_route=%2Fwp%2Fv2%2Fcomments&post=14797"}],"version-history":[{"count":1,"href":"https:\/\/gobernacionaltaverapaz.gob.gt\/index.php?rest_route=\/wp\/v2\/posts\/14797\/revisions"}],"predecessor-version":[{"id":14798,"href":"https:\/\/gobernacionaltaverapaz.gob.gt\/index.php?rest_route=\/wp\/v2\/posts\/14797\/revisions\/14798"}],"wp:featuredmedia":[{"embeddable":true,"href":"https:\/\/gobernacionaltaverapaz.gob.gt\/index.php?rest_route=\/wp\/v2\/media\/14794"}],"wp:attachment":[{"href":"https:\/\/gobernacionaltaverapaz.gob.gt\/index.php?rest_route=%2Fwp%2Fv2%2Fmedia&parent=14797"}],"wp:term":[{"taxonomy":"category","embeddable":true,"href":"https:\/\/gobernacionaltaverapaz.gob.gt\/index.php?rest_route=%2Fwp%2Fv2%2Fcategories&post=14797"},{"taxonomy":"post_tag","embeddable":true,"href":"https:\/\/gobernacionaltaverapaz.gob.gt\/index.php?rest_route=%2Fwp%2Fv2%2Ftags&post=14797"}],"curies":[{"name":"wp","href":"https:\/\/api.w.org\/{rel}","templated":true}]}}