{"id":14799,"date":"2023-04-15T16:00:57","date_gmt":"2023-04-15T22:00:57","guid":{"rendered":"https:\/\/gobernacionaltaverapaz.gob.gt\/?p=14799"},"modified":"2023-04-27T11:54:41","modified_gmt":"2023-04-27T17:54:41","slug":"beneficiarias-del-programa-de-huertos-comunitarios","status":"publish","type":"post","link":"https:\/\/gobernacionaltaverapaz.gob.gt\/?p=14799","title":{"rendered":"Beneficiarias del Programa de Huertos Comunitarios"},"content":{"rendered":"<p style=\"text-align: justify;\"><span class=\"x193iq5w xeuugli x13faqbe x1vvkbs x1xmvt09 x1lliihq x1s928wv xhkezso x1gmr53x x1cpjm7i x1fgarty x1943h6x xudqn12 x3x7a5m x6prxxf xvq8zen xo1l8bm xzsf02u x1yc453h\" dir=\"auto\"><a class=\"x1i10hfl xjbqb8w x6umtig x1b1mbwd xaqea5y xav7gou x9f619 x1ypdohk xt0psk2 xe8uvvx xdj266r x11i5rnm xat24cr x1mh8g0r xexx8yu x4uap5 x18d9i69 xkhd6sd x16tdsg8 x1hl2dhg xggy1nq x1a2a7pz xt0b8zv x1qq9wsj xo1l8bm\" tabindex=\"0\" role=\"link\" href=\"https:\/\/www.facebook.com\/hashtag\/protagonistasdenuestrotiempo?__eep__=6&amp;__cft__[0]=AZWsFBlBukUrKWU9JEKZ9bkZHeB0S6MpBfyImbU_-e86a-Jem2h0Yd-c9lBPZ5mmH8QcOZam6sM1wNEqTlFZpbutwEleMeQfsP7hakFeSIqwQAImCTfD0y9ONhi6Nv1Y99yPpM9J-wtbQ4OE15tOCuC5pqclxX1iXier2rlMSJjrquoZDiHZIreZa9opgevvvHXT6WJ9oSsoWEmKadhWVWgW&amp;__tn__=*NK-y-R\">#ProtagonistasDeNuestroTiempo<\/a> | Aracely Ch\u00e9, Aura Alvarado y Mar\u00eda L\u00f3pez son beneficiarias del Programa de <a class=\"x1i10hfl xjbqb8w x6umtig x1b1mbwd xaqea5y xav7gou x9f619 x1ypdohk xt0psk2 xe8uvvx xdj266r x11i5rnm xat24cr x1mh8g0r xexx8yu x4uap5 x18d9i69 xkhd6sd x16tdsg8 x1hl2dhg xggy1nq x1a2a7pz xt0b8zv x1qq9wsj xo1l8bm\" tabindex=\"0\" role=\"link\" href=\"https:\/\/www.facebook.com\/hashtag\/huertoscomunitarios?__eep__=6&amp;__cft__[0]=AZWsFBlBukUrKWU9JEKZ9bkZHeB0S6MpBfyImbU_-e86a-Jem2h0Yd-c9lBPZ5mmH8QcOZam6sM1wNEqTlFZpbutwEleMeQfsP7hakFeSIqwQAImCTfD0y9ONhi6Nv1Y99yPpM9J-wtbQ4OE15tOCuC5pqclxX1iXier2rlMSJjrquoZDiHZIreZa9opgevvvHXT6WJ9oSsoWEmKadhWVWgW&amp;__tn__=*NK-y-R\">#HuertosComunitarios<\/a> del Ministerio de Agricultura Ganader\u00eda y Alimentaci\u00f3n que contribuye al fortalecimiento de la seguridad alimentaria e impulsa la econom\u00eda local de las comunidades.<\/span><\/p>\n<p>&nbsp;<\/p>\n<p>&nbsp;<\/p>\n<p><img decoding=\"async\" loading=\"lazy\" class=\"alignnone size-full wp-image-14800\" src=\"https:\/\/gobernacionaltaverapaz.gob.gt\/wp-content\/uploads\/2023\/04\/01-15.jpg\" alt=\"\" width=\"900\" height=\"600\" srcset=\"https:\/\/gobernacionaltaverapaz.gob.gt\/wp-content\/uploads\/2023\/04\/01-15.jpg 900w, https:\/\/gobernacionaltaverapaz.gob.gt\/wp-content\/uploads\/2023\/04\/01-15-300x200.jpg 300w, https:\/\/gobernacionaltaverapaz.gob.gt\/wp-content\/uploads\/2023\/04\/01-15-768x512.jpg 768w\" sizes=\"(max-width: 900px) 100vw, 900px\" \/><\/p>\n","protected":false},"excerpt":{"rendered":"<p>#ProtagonistasDeNuestroTiempo | Aracely Ch\u00e9, Aura Alvarado y Mar\u00eda L\u00f3pez son beneficiarias del Programa de #HuertosComunitarios del Ministerio de Agricultura Ganader\u00eda y Alimentaci\u00f3n que contribuye al fortalecimiento de la seguridad alimentaria e impulsa la econom\u00eda local de las comunidades. &nbsp; &nbsp;<\/p>\n","protected":false},"author":1,"featured_media":14801,"comment_status":"closed","ping_status":"open","sticky":false,"template":"","format":"video","meta":[],"categories":[7],"tags":[178],"_links":{"self":[{"href":"https:\/\/gobernacionaltaverapaz.gob.gt\/index.php?rest_route=\/wp\/v2\/posts\/14799"}],"collection":[{"href":"https:\/\/gobernacionaltaverapaz.gob.gt\/index.php?rest_route=\/wp\/v2\/posts"}],"about":[{"href":"https:\/\/gobernacionaltaverapaz.gob.gt\/index.php?rest_route=\/wp\/v2\/types\/post"}],"author":[{"embeddable":true,"href":"https:\/\/gobernacionaltaverapaz.gob.gt\/index.php?rest_route=\/wp\/v2\/users\/1"}],"replies":[{"embeddable":true,"href":"https:\/\/gobernacionaltaverapaz.gob.gt\/index.php?rest_route=%2Fwp%2Fv2%2Fcomments&post=14799"}],"version-history":[{"count":1,"href":"https:\/\/gobernacionaltaverapaz.gob.gt\/index.php?rest_route=\/wp\/v2\/posts\/14799\/revisions"}],"predecessor-version":[{"id":14802,"href":"https:\/\/gobernacionaltaverapaz.gob.gt\/index.php?rest_route=\/wp\/v2\/posts\/14799\/revisions\/14802"}],"wp:featuredmedia":[{"embeddable":true,"href":"https:\/\/gobernacionaltaverapaz.gob.gt\/index.php?rest_route=\/wp\/v2\/media\/14801"}],"wp:attachment":[{"href":"https:\/\/gobernacionaltaverapaz.gob.gt\/index.php?rest_route=%2Fwp%2Fv2%2Fmedia&parent=14799"}],"wp:term":[{"taxonomy":"category","embeddable":true,"href":"https:\/\/gobernacionaltaverapaz.gob.gt\/index.php?rest_route=%2Fwp%2Fv2%2Fcategories&post=14799"},{"taxonomy":"post_tag","embeddable":true,"href":"https:\/\/gobernacionaltaverapaz.gob.gt\/index.php?rest_route=%2Fwp%2Fv2%2Ftags&post=14799"}],"curies":[{"name":"wp","href":"https:\/\/api.w.org\/{rel}","templated":true}]}}