{"id":14812,"date":"2023-04-18T10:50:15","date_gmt":"2023-04-18T16:50:15","guid":{"rendered":"https:\/\/gobernacionaltaverapaz.gob.gt\/?p=14812"},"modified":"2023-04-26T12:41:23","modified_gmt":"2023-04-26T18:41:23","slug":"mesa-de-conflictividad-lleva-a-cabo-la-apertura-del-taller-no-1","status":"publish","type":"post","link":"https:\/\/gobernacionaltaverapaz.gob.gt\/?p=14812","title":{"rendered":"Mesa de Conflictividad lleva a cabo la apertura del taller No. 1"},"content":{"rendered":"<div dir=\"auto\" style=\"text-align: justify;\">El Sr. Gobernador de Alta Verapaz, en su calidad de Presidente de la Mesa de Conflictividad Agraria en el Departamento, lleva a cabo la apertura del taller No. 1 denominado; \u201cPromoviendo la gesti\u00f3n del entorno Social, Pol\u00edtico e Institucional para disminuir la conflictividad agraria desde el triple nexo en el Valle del Polochic&#8221; , teniendo como finalidad primordial Contribuir al desarrollo e implementaci\u00f3n de conocimientos, herramientas y habilidades institucionales para fortalecer su rol de asesor\u00eda y coordinaci\u00f3n con las dependencias del Organismo ejecutivo que abordan de manera directa e indirecta la conflictividad agraria en el Valle del Polochic.<\/div>\n<div dir=\"auto\"><\/div>\n<div dir=\"auto\"><\/div>\n<div dir=\"auto\"><\/div>\n<div dir=\"auto\"><a class=\"x1i10hfl xjbqb8w x6umtig x1b1mbwd xaqea5y xav7gou x9f619 x1ypdohk xt0psk2 xe8uvvx xdj266r x11i5rnm xat24cr x1mh8g0r xexx8yu x4uap5 x18d9i69 xkhd6sd x16tdsg8 x1hl2dhg xggy1nq x1a2a7pz xt0b8zv x1qq9wsj xo1l8bm\" tabindex=\"0\" role=\"link\" href=\"https:\/\/www.facebook.com\/hashtag\/elgobdelosguatemaltecos?__eep__=6&amp;__cft__[0]=AZXq9zM6GXLCGwBmkX65wAU7phu4yIMReUJFRZEnfxmBxrDLu6VIekNRJyAZAMc8SKkEc300VFVhMWVQNdUwXYVTVnIzpRLNI3bEjJQmn3a-j8AJXFps5tC6EVMZV3QdiZCo4v3uBlehDIwF5N-VSrKQduFSHJpjZqz0qUHRNV3qDWFbK3jhzR_cyjWCNIMfKKU&amp;__tn__=*NK-R\">#ElGobDeLosGuatemaltecos<\/a><\/div>\n<div dir=\"auto\"><a class=\"x1i10hfl xjbqb8w x6umtig x1b1mbwd xaqea5y xav7gou x9f619 x1ypdohk xt0psk2 xe8uvvx xdj266r x11i5rnm xat24cr x1mh8g0r xexx8yu x4uap5 x18d9i69 xkhd6sd x16tdsg8 x1hl2dhg xggy1nq x1a2a7pz xt0b8zv x1qq9wsj xo1l8bm\" tabindex=\"0\" role=\"link\" href=\"https:\/\/www.facebook.com\/hashtag\/altaverapaz?__eep__=6&amp;__cft__[0]=AZXq9zM6GXLCGwBmkX65wAU7phu4yIMReUJFRZEnfxmBxrDLu6VIekNRJyAZAMc8SKkEc300VFVhMWVQNdUwXYVTVnIzpRLNI3bEjJQmn3a-j8AJXFps5tC6EVMZV3QdiZCo4v3uBlehDIwF5N-VSrKQduFSHJpjZqz0qUHRNV3qDWFbK3jhzR_cyjWCNIMfKKU&amp;__tn__=*NK-R\">#AltaVerapaz<\/a><\/div>\n<p>&nbsp;<\/p>\n<p>&nbsp;<\/p>\n<p>&nbsp;<\/p>\n<p>&nbsp;<\/p>\n<p>&nbsp;<\/p>\n<div><\/div>\n","protected":false},"excerpt":{"rendered":"<p>El Sr. Gobernador de Alta Verapaz, en su calidad de Presidente de la Mesa de Conflictividad Agraria en el Departamento, lleva a cabo la apertura del taller No. 1 denominado; \u201cPromoviendo la gesti\u00f3n del entorno Social, Pol\u00edtico e Institucional para disminuir la conflictividad agraria desde el triple nexo en el Valle del Polochic&#8221; , teniendo [&hellip;]<\/p>\n","protected":false},"author":1,"featured_media":14808,"comment_status":"closed","ping_status":"open","sticky":false,"template":"","format":"gallery","meta":[],"categories":[194],"tags":[178],"_links":{"self":[{"href":"https:\/\/gobernacionaltaverapaz.gob.gt\/index.php?rest_route=\/wp\/v2\/posts\/14812"}],"collection":[{"href":"https:\/\/gobernacionaltaverapaz.gob.gt\/index.php?rest_route=\/wp\/v2\/posts"}],"about":[{"href":"https:\/\/gobernacionaltaverapaz.gob.gt\/index.php?rest_route=\/wp\/v2\/types\/post"}],"author":[{"embeddable":true,"href":"https:\/\/gobernacionaltaverapaz.gob.gt\/index.php?rest_route=\/wp\/v2\/users\/1"}],"replies":[{"embeddable":true,"href":"https:\/\/gobernacionaltaverapaz.gob.gt\/index.php?rest_route=%2Fwp%2Fv2%2Fcomments&post=14812"}],"version-history":[{"count":1,"href":"https:\/\/gobernacionaltaverapaz.gob.gt\/index.php?rest_route=\/wp\/v2\/posts\/14812\/revisions"}],"predecessor-version":[{"id":14813,"href":"https:\/\/gobernacionaltaverapaz.gob.gt\/index.php?rest_route=\/wp\/v2\/posts\/14812\/revisions\/14813"}],"wp:featuredmedia":[{"embeddable":true,"href":"https:\/\/gobernacionaltaverapaz.gob.gt\/index.php?rest_route=\/wp\/v2\/media\/14808"}],"wp:attachment":[{"href":"https:\/\/gobernacionaltaverapaz.gob.gt\/index.php?rest_route=%2Fwp%2Fv2%2Fmedia&parent=14812"}],"wp:term":[{"taxonomy":"category","embeddable":true,"href":"https:\/\/gobernacionaltaverapaz.gob.gt\/index.php?rest_route=%2Fwp%2Fv2%2Fcategories&post=14812"},{"taxonomy":"post_tag","embeddable":true,"href":"https:\/\/gobernacionaltaverapaz.gob.gt\/index.php?rest_route=%2Fwp%2Fv2%2Ftags&post=14812"}],"curies":[{"name":"wp","href":"https:\/\/api.w.org\/{rel}","templated":true}]}}