{"id":14862,"date":"2023-04-23T21:00:10","date_gmt":"2023-04-24T03:00:10","guid":{"rendered":"https:\/\/gobernacionaltaverapaz.gob.gt\/?p=14862"},"modified":"2023-04-27T12:09:01","modified_gmt":"2023-04-27T18:09:01","slug":"entrega-de-prorrogas-de-concesiones-forestales-en-peten","status":"publish","type":"post","link":"https:\/\/gobernacionaltaverapaz.gob.gt\/?p=14862","title":{"rendered":"Entrega de pr\u00f3rrogas de concesiones forestales en Pet\u00e9n"},"content":{"rendered":"<p style=\"text-align: justify;\"><span class=\"x193iq5w xeuugli x13faqbe x1vvkbs x1xmvt09 x1lliihq x1s928wv xhkezso x1gmr53x x1cpjm7i x1fgarty x1943h6x xudqn12 x3x7a5m x6prxxf xvq8zen xo1l8bm xzsf02u x1yc453h\" dir=\"auto\">El Dr. <a class=\"x1i10hfl xjbqb8w x6umtig x1b1mbwd xaqea5y xav7gou x9f619 x1ypdohk xt0psk2 xe8uvvx xdj266r x11i5rnm xat24cr x1mh8g0r xexx8yu x4uap5 x18d9i69 xkhd6sd x16tdsg8 x1hl2dhg xggy1nq x1a2a7pz xt0b8zv x1qq9wsj xo1l8bm\" tabindex=\"0\" role=\"link\" href=\"https:\/\/www.facebook.com\/AlejandroGiammattei?__cft__[0]=AZWcDssYi9JXPtvWxfGBPCR2so-BcorFulWkOgV_B01MydGSpBZxbIJ-E-UzCu9nVGHXuaYpM7NMNDg6swRkif5_f6jqYU7J-rv0q_QPDo1cEA8WclZFDD5k2Mc-z2WJqM7QA9-LUewL85qHz9OKoD71eb7kpCjVOTpC6PRdVxub4aAXZ8aNCpCIV6kS4FaJckP6LQl28hhtnYbfeFPV0yHB&amp;__tn__=-]K-y-R\"><span class=\"xt0psk2\">Alejandro Giammattei<\/span><\/a> habla de la entrega de pr\u00f3rrogas de concesiones forestales en Pet\u00e9n para dar continuidad a uno de los modelos de conservaci\u00f3n de la biodiversidad del pa\u00eds y uso sostenible de los recursos naturales.<\/span><\/p>\n<p>&nbsp;<\/p>\n<p><a href=\"https:\/\/www.facebook.com\/GobernacionAV\/posts\/pfbid0317UPXxf8a5mJvvQBouFuc5e656Ka7gCMzratD1WUDhcUbA4GnFriD1KQoi8EmMxNl?__cft__[0]=AZWcDssYi9JXPtvWxfGBPCR2so-BcorFulWkOgV_B01MydGSpBZxbIJ-E-UzCu9nVGHXuaYpM7NMNDg6swRkif5_f6jqYU7J-rv0q_QPDo1cEA8WclZFDD5k2Mc-z2WJqM7QA9-LUewL85qHz9OKoD71eb7kpCjVOTpC6PRdVxub4aAXZ8aNCpCIV6kS4FaJckP6LQl28hhtnYbfeFPV0yHB&amp;__tn__=%2CO%2CP-R\"><img decoding=\"async\" loading=\"lazy\" class=\"alignnone wp-image-14863 size-full\" title=\"Ver video en Facebook\" src=\"https:\/\/gobernacionaltaverapaz.gob.gt\/wp-content\/uploads\/2023\/04\/0-15.jpg\" alt=\"\" width=\"900\" height=\"600\" srcset=\"https:\/\/gobernacionaltaverapaz.gob.gt\/wp-content\/uploads\/2023\/04\/0-15.jpg 900w, https:\/\/gobernacionaltaverapaz.gob.gt\/wp-content\/uploads\/2023\/04\/0-15-300x200.jpg 300w, https:\/\/gobernacionaltaverapaz.gob.gt\/wp-content\/uploads\/2023\/04\/0-15-768x512.jpg 768w\" sizes=\"(max-width: 900px) 100vw, 900px\" \/><\/a><\/p>\n<p>&nbsp;<\/p>\n","protected":false},"excerpt":{"rendered":"<p>El Dr. Alejandro Giammattei habla de la entrega de pr\u00f3rrogas de concesiones forestales en Pet\u00e9n para dar continuidad a uno de los modelos de conservaci\u00f3n de la biodiversidad del pa\u00eds y uso sostenible de los recursos naturales. &nbsp; &nbsp;<\/p>\n","protected":false},"author":1,"featured_media":14890,"comment_status":"closed","ping_status":"open","sticky":false,"template":"","format":"video","meta":[],"categories":[182],"tags":[178],"_links":{"self":[{"href":"https:\/\/gobernacionaltaverapaz.gob.gt\/index.php?rest_route=\/wp\/v2\/posts\/14862"}],"collection":[{"href":"https:\/\/gobernacionaltaverapaz.gob.gt\/index.php?rest_route=\/wp\/v2\/posts"}],"about":[{"href":"https:\/\/gobernacionaltaverapaz.gob.gt\/index.php?rest_route=\/wp\/v2\/types\/post"}],"author":[{"embeddable":true,"href":"https:\/\/gobernacionaltaverapaz.gob.gt\/index.php?rest_route=\/wp\/v2\/users\/1"}],"replies":[{"embeddable":true,"href":"https:\/\/gobernacionaltaverapaz.gob.gt\/index.php?rest_route=%2Fwp%2Fv2%2Fcomments&post=14862"}],"version-history":[{"count":1,"href":"https:\/\/gobernacionaltaverapaz.gob.gt\/index.php?rest_route=\/wp\/v2\/posts\/14862\/revisions"}],"predecessor-version":[{"id":14864,"href":"https:\/\/gobernacionaltaverapaz.gob.gt\/index.php?rest_route=\/wp\/v2\/posts\/14862\/revisions\/14864"}],"wp:featuredmedia":[{"embeddable":true,"href":"https:\/\/gobernacionaltaverapaz.gob.gt\/index.php?rest_route=\/wp\/v2\/media\/14890"}],"wp:attachment":[{"href":"https:\/\/gobernacionaltaverapaz.gob.gt\/index.php?rest_route=%2Fwp%2Fv2%2Fmedia&parent=14862"}],"wp:term":[{"taxonomy":"category","embeddable":true,"href":"https:\/\/gobernacionaltaverapaz.gob.gt\/index.php?rest_route=%2Fwp%2Fv2%2Fcategories&post=14862"},{"taxonomy":"post_tag","embeddable":true,"href":"https:\/\/gobernacionaltaverapaz.gob.gt\/index.php?rest_route=%2Fwp%2Fv2%2Ftags&post=14862"}],"curies":[{"name":"wp","href":"https:\/\/api.w.org\/{rel}","templated":true}]}}