{"id":14880,"date":"2023-04-25T16:05:52","date_gmt":"2023-04-25T22:05:52","guid":{"rendered":"https:\/\/gobernacionaltaverapaz.gob.gt\/?p=14880"},"modified":"2023-04-27T11:12:43","modified_gmt":"2023-04-27T17:12:43","slug":"lanzamiento-de-expo-becas-2023","status":"publish","type":"post","link":"https:\/\/gobernacionaltaverapaz.gob.gt\/?p=14880","title":{"rendered":"Lanzamiento de Expo Becas 2023"},"content":{"rendered":"<div dir=\"auto\" style=\"text-align: justify;\">Contribuir a la promoci\u00f3n y fomento del desarrollo del talento humano, es la finalidad del Lanzamiento de Expo Becas 2023, Inaugurada el d\u00eda de Hoy en las Instalaciones del Sal\u00f3n de las Am\u00e9ricas del Palacio de Gobernaci\u00f3n de Alta Verapaz, Actividad que fue Encabezada por el Sr. Gobernador Departamental y Delegados de la de la Secretar\u00eda de Planificaci\u00f3n y Programaci\u00f3n de la Presidencia (Segeplan), Con estudiantes de distintos centros estudiantiles del territorio, con estas acciones se impulsan el fortalecimiento de las capacidades de las personas interesadas por prepararse acad\u00e9micamente a nivel superior.<\/div>\n<div dir=\"auto\"><\/div>\n<div dir=\"auto\"><a class=\"x1i10hfl xjbqb8w x6umtig x1b1mbwd xaqea5y xav7gou x9f619 x1ypdohk xt0psk2 xe8uvvx xdj266r x11i5rnm xat24cr x1mh8g0r xexx8yu x4uap5 x18d9i69 xkhd6sd x16tdsg8 x1hl2dhg xggy1nq x1a2a7pz xt0b8zv x1qq9wsj xo1l8bm\" tabindex=\"0\" role=\"link\" href=\"https:\/\/www.facebook.com\/hashtag\/accionesquetransforman?__eep__=6&amp;__cft__[0]=AZU0bTcTDKRLYPrGSS_8ZdK-IiJzfRy3Cl25DKbHOFmQQFBEsNddCxRdqUkz7I3_FN782k6mZkovH7va6fncRoIjFzpAY156R0Y03TxyivuZuZNXKzMqbIlzMT1g2DTyYPqnDsw7wMXRdTxkZp3-7bcT&amp;__tn__=*NK-R\">#AccionesQueTransforman<\/a><\/div>\n<div dir=\"auto\"><\/div>\n<div dir=\"auto\"><\/div>\n<div dir=\"auto\"><\/div>\n<div dir=\"auto\"><\/div>\n<div dir=\"auto\">\n<div><\/div>\n<\/div>\n","protected":false},"excerpt":{"rendered":"<p>Contribuir a la promoci\u00f3n y fomento del desarrollo del talento humano, es la finalidad del Lanzamiento de Expo Becas 2023, Inaugurada el d\u00eda de Hoy en las Instalaciones del Sal\u00f3n de las Am\u00e9ricas del Palacio de Gobernaci\u00f3n de Alta Verapaz, Actividad que fue Encabezada por el Sr. Gobernador Departamental y Delegados de la de la [&hellip;]<\/p>\n","protected":false},"author":1,"featured_media":14874,"comment_status":"closed","ping_status":"open","sticky":false,"template":"","format":"gallery","meta":[],"categories":[183],"tags":[178],"_links":{"self":[{"href":"https:\/\/gobernacionaltaverapaz.gob.gt\/index.php?rest_route=\/wp\/v2\/posts\/14880"}],"collection":[{"href":"https:\/\/gobernacionaltaverapaz.gob.gt\/index.php?rest_route=\/wp\/v2\/posts"}],"about":[{"href":"https:\/\/gobernacionaltaverapaz.gob.gt\/index.php?rest_route=\/wp\/v2\/types\/post"}],"author":[{"embeddable":true,"href":"https:\/\/gobernacionaltaverapaz.gob.gt\/index.php?rest_route=\/wp\/v2\/users\/1"}],"replies":[{"embeddable":true,"href":"https:\/\/gobernacionaltaverapaz.gob.gt\/index.php?rest_route=%2Fwp%2Fv2%2Fcomments&post=14880"}],"version-history":[{"count":1,"href":"https:\/\/gobernacionaltaverapaz.gob.gt\/index.php?rest_route=\/wp\/v2\/posts\/14880\/revisions"}],"predecessor-version":[{"id":14881,"href":"https:\/\/gobernacionaltaverapaz.gob.gt\/index.php?rest_route=\/wp\/v2\/posts\/14880\/revisions\/14881"}],"wp:featuredmedia":[{"embeddable":true,"href":"https:\/\/gobernacionaltaverapaz.gob.gt\/index.php?rest_route=\/wp\/v2\/media\/14874"}],"wp:attachment":[{"href":"https:\/\/gobernacionaltaverapaz.gob.gt\/index.php?rest_route=%2Fwp%2Fv2%2Fmedia&parent=14880"}],"wp:term":[{"taxonomy":"category","embeddable":true,"href":"https:\/\/gobernacionaltaverapaz.gob.gt\/index.php?rest_route=%2Fwp%2Fv2%2Fcategories&post=14880"},{"taxonomy":"post_tag","embeddable":true,"href":"https:\/\/gobernacionaltaverapaz.gob.gt\/index.php?rest_route=%2Fwp%2Fv2%2Ftags&post=14880"}],"curies":[{"name":"wp","href":"https:\/\/api.w.org\/{rel}","templated":true}]}}