{"id":14898,"date":"2023-04-26T16:32:04","date_gmt":"2023-04-26T22:32:04","guid":{"rendered":"https:\/\/gobernacionaltaverapaz.gob.gt\/?p=14898"},"modified":"2023-04-27T12:50:01","modified_gmt":"2023-04-27T18:50:01","slug":"beneficiarias-del-programa-seguro-medico-escolar","status":"publish","type":"post","link":"https:\/\/gobernacionaltaverapaz.gob.gt\/?p=14898","title":{"rendered":"Programa Seguro M\u00e9dico Escolar"},"content":{"rendered":"<div class=\"\" dir=\"auto\">\n<div class=\"\" dir=\"auto\">\n<div class=\"x1iorvi4 x1pi30zi x1l90r2v x1swvt13\" data-ad-comet-preview=\"message\" data-ad-preview=\"message\">\n<div class=\"x78zum5 xdt5ytf xz62fqu x16ldp7u\">\n<div class=\"xu06os2 x1ok221b\">\n<div class=\"xdj266r x11i5rnm xat24cr x1mh8g0r x1vvkbs x126k92a\">\n<div dir=\"auto\" style=\"text-align: justify;\">Elisa Franco es una de las beneficiarias del Programa <a class=\"x1i10hfl xjbqb8w x6umtig x1b1mbwd xaqea5y xav7gou x9f619 x1ypdohk xt0psk2 xe8uvvx xdj266r x11i5rnm xat24cr x1mh8g0r xexx8yu x4uap5 x18d9i69 xkhd6sd x16tdsg8 x1hl2dhg xggy1nq x1a2a7pz xt0b8zv x1qq9wsj xo1l8bm\" tabindex=\"0\" role=\"link\" href=\"https:\/\/www.facebook.com\/hashtag\/segurom%C3%A9dicoescolar?__eep__=6&amp;__cft__[0]=AZVgeOPsGYNShgpjwi5meEM0meCqbxuJlNWnQpE6nd2_Fy4okiv54ZBsl_M7_1Thy6UqU0HAxBrwYrQSddhTpJDtI4_ZPHi7H8s3OA4OQGq0x5jYqWymCZfYaLakk8gn7IBKafi1Y216c7kRrAPce2xpIgn8MBqvDbZBlChf5KYuwYy8D7ActJG74nYymCNSzIsUT4FBgmlX-Ae6GrMe84C3&amp;__tn__=*NK-y-R\">#SeguroM\u00e9dicoEscolar<\/a> que favorece a la poblaci\u00f3n estudiantil del \u00e1rea rural, garantizando su salud y rendimiento escolar.<\/div>\n<\/div>\n<div class=\"x11i5rnm xat24cr x1mh8g0r x1vvkbs xtlvy1s x126k92a\">\n<div dir=\"auto\" style=\"text-align: justify;\">Conoce la historia de una de las <a class=\"x1i10hfl xjbqb8w x6umtig x1b1mbwd xaqea5y xav7gou x9f619 x1ypdohk xt0psk2 xe8uvvx xdj266r x11i5rnm xat24cr x1mh8g0r xexx8yu x4uap5 x18d9i69 xkhd6sd x16tdsg8 x1hl2dhg xggy1nq x1a2a7pz xt0b8zv x1qq9wsj xo1l8bm\" tabindex=\"0\" role=\"link\" href=\"https:\/\/www.facebook.com\/hashtag\/protagonistasdenuestrotiempo?__eep__=6&amp;__cft__[0]=AZVgeOPsGYNShgpjwi5meEM0meCqbxuJlNWnQpE6nd2_Fy4okiv54ZBsl_M7_1Thy6UqU0HAxBrwYrQSddhTpJDtI4_ZPHi7H8s3OA4OQGq0x5jYqWymCZfYaLakk8gn7IBKafi1Y216c7kRrAPce2xpIgn8MBqvDbZBlChf5KYuwYy8D7ActJG74nYymCNSzIsUT4FBgmlX-Ae6GrMe84C3&amp;__tn__=*NK-y-R\">#ProtagonistasDeNuestroTiempo<\/a>.<\/div>\n<\/div>\n<\/div>\n<\/div>\n<\/div>\n<\/div>\n<\/div>\n<div dir=\"auto\"><\/div>\n<div dir=\"auto\"><\/div>\n<div dir=\"auto\"><\/div>\n<div dir=\"auto\"><\/div>\n<div dir=\"auto\"><\/div>\n<div dir=\"auto\"><a href=\"https:\/\/www.facebook.com\/GobernacionAV\/posts\/pfbid02xuNSNhdhGccRcmbknYphqDcrg3MYCtTnMi5KeCyaMRqd1S2f76tVzNG6LBEDNMYRl?__cft__[0]=AZVgeOPsGYNShgpjwi5meEM0meCqbxuJlNWnQpE6nd2_Fy4okiv54ZBsl_M7_1Thy6UqU0HAxBrwYrQSddhTpJDtI4_ZPHi7H8s3OA4OQGq0x5jYqWymCZfYaLakk8gn7IBKafi1Y216c7kRrAPce2xpIgn8MBqvDbZBlChf5KYuwYy8D7ActJG74nYymCNSzIsUT4FBgmlX-Ae6GrMe84C3&amp;__tn__=%2CO%2CP-R\"><img decoding=\"async\" loading=\"lazy\" class=\"alignnone wp-image-14899 size-full\" title=\"Ver video en Facebook\" src=\"https:\/\/gobernacionaltaverapaz.gob.gt\/wp-content\/uploads\/2023\/04\/01-30.jpg\" alt=\"\" width=\"900\" height=\"600\" srcset=\"https:\/\/gobernacionaltaverapaz.gob.gt\/wp-content\/uploads\/2023\/04\/01-30.jpg 900w, https:\/\/gobernacionaltaverapaz.gob.gt\/wp-content\/uploads\/2023\/04\/01-30-300x200.jpg 300w, https:\/\/gobernacionaltaverapaz.gob.gt\/wp-content\/uploads\/2023\/04\/01-30-768x512.jpg 768w\" sizes=\"(max-width: 900px) 100vw, 900px\" \/><\/a><\/div>\n<div dir=\"auto\"><\/div>\n<div dir=\"auto\"><\/div>\n","protected":false},"excerpt":{"rendered":"<p>Elisa Franco es una de las beneficiarias del Programa #SeguroM\u00e9dicoEscolar que favorece a la poblaci\u00f3n estudiantil del \u00e1rea rural, garantizando su salud y rendimiento escolar. Conoce la historia de una de las #ProtagonistasDeNuestroTiempo.<\/p>\n","protected":false},"author":1,"featured_media":14900,"comment_status":"closed","ping_status":"open","sticky":false,"template":"","format":"video","meta":[],"categories":[183],"tags":[178],"_links":{"self":[{"href":"https:\/\/gobernacionaltaverapaz.gob.gt\/index.php?rest_route=\/wp\/v2\/posts\/14898"}],"collection":[{"href":"https:\/\/gobernacionaltaverapaz.gob.gt\/index.php?rest_route=\/wp\/v2\/posts"}],"about":[{"href":"https:\/\/gobernacionaltaverapaz.gob.gt\/index.php?rest_route=\/wp\/v2\/types\/post"}],"author":[{"embeddable":true,"href":"https:\/\/gobernacionaltaverapaz.gob.gt\/index.php?rest_route=\/wp\/v2\/users\/1"}],"replies":[{"embeddable":true,"href":"https:\/\/gobernacionaltaverapaz.gob.gt\/index.php?rest_route=%2Fwp%2Fv2%2Fcomments&post=14898"}],"version-history":[{"count":3,"href":"https:\/\/gobernacionaltaverapaz.gob.gt\/index.php?rest_route=\/wp\/v2\/posts\/14898\/revisions"}],"predecessor-version":[{"id":14903,"href":"https:\/\/gobernacionaltaverapaz.gob.gt\/index.php?rest_route=\/wp\/v2\/posts\/14898\/revisions\/14903"}],"wp:featuredmedia":[{"embeddable":true,"href":"https:\/\/gobernacionaltaverapaz.gob.gt\/index.php?rest_route=\/wp\/v2\/media\/14900"}],"wp:attachment":[{"href":"https:\/\/gobernacionaltaverapaz.gob.gt\/index.php?rest_route=%2Fwp%2Fv2%2Fmedia&parent=14898"}],"wp:term":[{"taxonomy":"category","embeddable":true,"href":"https:\/\/gobernacionaltaverapaz.gob.gt\/index.php?rest_route=%2Fwp%2Fv2%2Fcategories&post=14898"},{"taxonomy":"post_tag","embeddable":true,"href":"https:\/\/gobernacionaltaverapaz.gob.gt\/index.php?rest_route=%2Fwp%2Fv2%2Ftags&post=14898"}],"curies":[{"name":"wp","href":"https:\/\/api.w.org\/{rel}","templated":true}]}}