{"id":14914,"date":"2023-04-28T16:04:03","date_gmt":"2023-04-28T22:04:03","guid":{"rendered":"https:\/\/gobernacionaltaverapaz.gob.gt\/?p=14914"},"modified":"2023-05-04T17:13:08","modified_gmt":"2023-05-04T23:13:08","slug":"cuarta-reunion-ordinaria-del-ejercicio-fiscal-2023","status":"publish","type":"post","link":"https:\/\/gobernacionaltaverapaz.gob.gt\/?p=14914","title":{"rendered":"Cuarta Reuni\u00f3n Ordinaria del Ejercicio Fiscal 2023"},"content":{"rendered":"<div>\n<div class=\"xdj266r x11i5rnm xat24cr x1mh8g0r x1vvkbs x126k92a\">\n<div dir=\"auto\" style=\"text-align: justify;\">Derivado a la coordinaci\u00f3n que se realiza cada mes con las diferentes Instituciones representadas ante el organismo colegiado del Codede AV, para consensuar los diferentes temas que encaminan el Desarrollo de los 17 Municipios del Departamento de <a class=\"x1i10hfl xjbqb8w x6umtig x1b1mbwd xaqea5y xav7gou x9f619 x1ypdohk xt0psk2 xe8uvvx xdj266r x11i5rnm xat24cr x1mh8g0r xexx8yu x4uap5 x18d9i69 xkhd6sd x16tdsg8 x1hl2dhg xggy1nq x1a2a7pz xt0b8zv x1qq9wsj xo1l8bm\" tabindex=\"0\" role=\"link\" href=\"https:\/\/www.facebook.com\/hashtag\/altaverapaz?__eep__=6&amp;__cft__[0]=AZVl5NNCXYgAtEZnlyXVNiE3uwycVJjQwTky14BVAlZl4bD4NFwcHzLsbS7N2_oV0pOOKzE-Nyap3J-nISWlmdLYf_x9LYu9tGeOcy4Umw_oci8BLN5YNIj8y5V10yiPJoJhvoLSwfbUGmsZI-lT3TswhpXr30oM6Kz-bg5CkF5RTji5cucrUtkqT-amLcdH8PQ&amp;__tn__=*NK-R\">#AltaVerapaz<\/a>. El d\u00eda de hoy en el sal\u00f3n de las Am\u00e9ricas, del Palacio de Gobernaci\u00f3n, se llev\u00f3 a cabo la Cuarta Reuni\u00f3n Ordinaria del Ejercicio Fiscal 2023.<\/div>\n<div dir=\"auto\" style=\"text-align: justify;\">Como punto de inicio de la reuni\u00f3n se procedi\u00f3 a dar lectura a la agenda a desarrollar:<\/div>\n<\/div>\n<div class=\"x11i5rnm xat24cr x1mh8g0r x1vvkbs xtlvy1s x126k92a\">\n<div dir=\"auto\" style=\"text-align: justify;\">Presentaci\u00f3n de Avances en la Gesti\u00f3n de la Construcci\u00f3n del Hospital de Cob\u00e1n.<\/div>\n<div dir=\"auto\" style=\"text-align: justify;\">Presentaci\u00f3n del Plan Operativo Anual 2023 del CODEDE<\/div>\n<div dir=\"auto\" style=\"text-align: justify;\">La Directora Ejecutiva del Consejo de Desarrollo, inform\u00f3 sobre los Avances F\u00edsicos y financieros de proyectos con recursos IVA Paz 2023.<\/div>\n<div dir=\"auto\" style=\"text-align: justify;\"><\/div>\n<div dir=\"auto\" style=\"text-align: center;\"><strong>Informe de Proyectos 2023.<\/strong><\/div>\n<div dir=\"auto\" style=\"text-align: center;\"><strong>Presentaci\u00f3n del Informe Meteorol\u00f3gico<\/strong><\/div>\n<\/div>\n<\/div>\n<div dir=\"auto\"><\/div>\n<div dir=\"auto\"><\/div>\n<div dir=\"auto\"><\/div>\n<div>\n<div class=\"x11i5rnm xat24cr x1mh8g0r x1vvkbs xtlvy1s x126k92a\">\n<div dir=\"auto\"><a class=\"x1i10hfl xjbqb8w x6umtig x1b1mbwd xaqea5y xav7gou x9f619 x1ypdohk xt0psk2 xe8uvvx xdj266r x11i5rnm xat24cr x1mh8g0r xexx8yu x4uap5 x18d9i69 xkhd6sd x16tdsg8 x1hl2dhg xggy1nq x1a2a7pz xt0b8zv x1qq9wsj xo1l8bm\" tabindex=\"0\" role=\"link\" href=\"https:\/\/www.facebook.com\/codede.av?__cft__[0]=AZVl5NNCXYgAtEZnlyXVNiE3uwycVJjQwTky14BVAlZl4bD4NFwcHzLsbS7N2_oV0pOOKzE-Nyap3J-nISWlmdLYf_x9LYu9tGeOcy4Umw_oci8BLN5YNIj8y5V10yiPJoJhvoLSwfbUGmsZI-lT3TswhpXr30oM6Kz-bg5CkF5RTji5cucrUtkqT-amLcdH8PQ&amp;__tn__=-]K-R\"><span class=\"xt0psk2\">Codede AV<\/span><\/a> <a class=\"x1i10hfl xjbqb8w x6umtig x1b1mbwd xaqea5y xav7gou x9f619 x1ypdohk xt0psk2 xe8uvvx xdj266r x11i5rnm xat24cr x1mh8g0r xexx8yu x4uap5 x18d9i69 xkhd6sd x16tdsg8 x1hl2dhg xggy1nq x1a2a7pz xt0b8zv x1qq9wsj xo1l8bm\" tabindex=\"0\" role=\"link\" href=\"https:\/\/www.facebook.com\/COREDUR.Norte?__cft__[0]=AZVl5NNCXYgAtEZnlyXVNiE3uwycVJjQwTky14BVAlZl4bD4NFwcHzLsbS7N2_oV0pOOKzE-Nyap3J-nISWlmdLYf_x9LYu9tGeOcy4Umw_oci8BLN5YNIj8y5V10yiPJoJhvoLSwfbUGmsZI-lT3TswhpXr30oM6Kz-bg5CkF5RTji5cucrUtkqT-amLcdH8PQ&amp;__tn__=-]K-R\"><span class=\"xt0psk2\">Coredur Regi\u00f3n Norte<\/span><\/a> <a class=\"x1i10hfl xjbqb8w x6umtig x1b1mbwd xaqea5y xav7gou x9f619 x1ypdohk xt0psk2 xe8uvvx xdj266r x11i5rnm xat24cr x1mh8g0r xexx8yu x4uap5 x18d9i69 xkhd6sd x16tdsg8 x1hl2dhg xggy1nq x1a2a7pz xt0b8zv x1qq9wsj xo1l8bm\" tabindex=\"0\" role=\"link\" href=\"https:\/\/www.facebook.com\/SegeplanGT?__cft__[0]=AZVl5NNCXYgAtEZnlyXVNiE3uwycVJjQwTky14BVAlZl4bD4NFwcHzLsbS7N2_oV0pOOKzE-Nyap3J-nISWlmdLYf_x9LYu9tGeOcy4Umw_oci8BLN5YNIj8y5V10yiPJoJhvoLSwfbUGmsZI-lT3TswhpXr30oM6Kz-bg5CkF5RTji5cucrUtkqT-amLcdH8PQ&amp;__tn__=-]K-R\"><span class=\"xt0psk2\">SEGEPLAN Guatemala<\/span><\/a><\/div>\n<div dir=\"auto\"><a class=\"x1i10hfl xjbqb8w x6umtig x1b1mbwd xaqea5y xav7gou x9f619 x1ypdohk xt0psk2 xe8uvvx xdj266r x11i5rnm xat24cr x1mh8g0r xexx8yu x4uap5 x18d9i69 xkhd6sd x16tdsg8 x1hl2dhg xggy1nq x1a2a7pz xt0b8zv x1qq9wsj xo1l8bm\" tabindex=\"0\" role=\"link\" href=\"https:\/\/www.facebook.com\/hashtag\/elgobdelosguatemaltecos?__eep__=6&amp;__cft__[0]=AZVl5NNCXYgAtEZnlyXVNiE3uwycVJjQwTky14BVAlZl4bD4NFwcHzLsbS7N2_oV0pOOKzE-Nyap3J-nISWlmdLYf_x9LYu9tGeOcy4Umw_oci8BLN5YNIj8y5V10yiPJoJhvoLSwfbUGmsZI-lT3TswhpXr30oM6Kz-bg5CkF5RTji5cucrUtkqT-amLcdH8PQ&amp;__tn__=*NK-R\">#ElGobDeLosGuatemaltecos<\/a> <a class=\"x1i10hfl xjbqb8w x6umtig x1b1mbwd xaqea5y xav7gou x9f619 x1ypdohk xt0psk2 xe8uvvx xdj266r x11i5rnm xat24cr x1mh8g0r xexx8yu x4uap5 x18d9i69 xkhd6sd x16tdsg8 x1hl2dhg xggy1nq x1a2a7pz xt0b8zv x1qq9wsj xo1l8bm\" tabindex=\"0\" role=\"link\" href=\"https:\/\/www.facebook.com\/hashtag\/altaverapaz?__eep__=6&amp;__cft__[0]=AZVl5NNCXYgAtEZnlyXVNiE3uwycVJjQwTky14BVAlZl4bD4NFwcHzLsbS7N2_oV0pOOKzE-Nyap3J-nISWlmdLYf_x9LYu9tGeOcy4Umw_oci8BLN5YNIj8y5V10yiPJoJhvoLSwfbUGmsZI-lT3TswhpXr30oM6Kz-bg5CkF5RTji5cucrUtkqT-amLcdH8PQ&amp;__tn__=*NK-R\">#AltaVerapaz<\/a><\/div>\n<\/div>\n<\/div>\n<div><\/div>\n<div><\/div>\n<div><\/div>\n<div><\/div>\n<div><\/div>\n<div><\/div>\n<div><\/div>\n","protected":false},"excerpt":{"rendered":"<p>Derivado a la coordinaci\u00f3n que se realiza cada mes con las diferentes Instituciones representadas ante el organismo colegiado del Codede AV, para consensuar los diferentes temas que encaminan el Desarrollo de los 17 Municipios del Departamento de #AltaVerapaz. El d\u00eda de hoy en el sal\u00f3n de las Am\u00e9ricas, del Palacio de Gobernaci\u00f3n, se llev\u00f3 a [&hellip;]<\/p>\n","protected":false},"author":1,"featured_media":14905,"comment_status":"closed","ping_status":"open","sticky":false,"template":"","format":"gallery","meta":[],"categories":[183],"tags":[178],"_links":{"self":[{"href":"https:\/\/gobernacionaltaverapaz.gob.gt\/index.php?rest_route=\/wp\/v2\/posts\/14914"}],"collection":[{"href":"https:\/\/gobernacionaltaverapaz.gob.gt\/index.php?rest_route=\/wp\/v2\/posts"}],"about":[{"href":"https:\/\/gobernacionaltaverapaz.gob.gt\/index.php?rest_route=\/wp\/v2\/types\/post"}],"author":[{"embeddable":true,"href":"https:\/\/gobernacionaltaverapaz.gob.gt\/index.php?rest_route=\/wp\/v2\/users\/1"}],"replies":[{"embeddable":true,"href":"https:\/\/gobernacionaltaverapaz.gob.gt\/index.php?rest_route=%2Fwp%2Fv2%2Fcomments&post=14914"}],"version-history":[{"count":1,"href":"https:\/\/gobernacionaltaverapaz.gob.gt\/index.php?rest_route=\/wp\/v2\/posts\/14914\/revisions"}],"predecessor-version":[{"id":14915,"href":"https:\/\/gobernacionaltaverapaz.gob.gt\/index.php?rest_route=\/wp\/v2\/posts\/14914\/revisions\/14915"}],"wp:featuredmedia":[{"embeddable":true,"href":"https:\/\/gobernacionaltaverapaz.gob.gt\/index.php?rest_route=\/wp\/v2\/media\/14905"}],"wp:attachment":[{"href":"https:\/\/gobernacionaltaverapaz.gob.gt\/index.php?rest_route=%2Fwp%2Fv2%2Fmedia&parent=14914"}],"wp:term":[{"taxonomy":"category","embeddable":true,"href":"https:\/\/gobernacionaltaverapaz.gob.gt\/index.php?rest_route=%2Fwp%2Fv2%2Fcategories&post=14914"},{"taxonomy":"post_tag","embeddable":true,"href":"https:\/\/gobernacionaltaverapaz.gob.gt\/index.php?rest_route=%2Fwp%2Fv2%2Ftags&post=14914"}],"curies":[{"name":"wp","href":"https:\/\/api.w.org\/{rel}","templated":true}]}}