{"id":14924,"date":"2023-05-02T19:37:05","date_gmt":"2023-05-03T01:37:05","guid":{"rendered":"https:\/\/gobernacionaltaverapaz.gob.gt\/?p=14924"},"modified":"2023-05-05T10:08:01","modified_gmt":"2023-05-05T16:08:01","slug":"jornadas-de-vacunacion-para-aves-de-traspatio","status":"publish","type":"post","link":"https:\/\/gobernacionaltaverapaz.gob.gt\/?p=14924","title":{"rendered":"Jornadas de vacunaci\u00f3n para aves de traspatio"},"content":{"rendered":"<div class=\"xdj266r x11i5rnm xat24cr x1mh8g0r x1vvkbs x126k92a\">\n<div dir=\"auto\">Ever S\u00fachite se ha dedicado al cultivo de aves de patio.<\/div>\n<\/div>\n<div class=\"x11i5rnm xat24cr x1mh8g0r x1vvkbs xtlvy1s x126k92a\">\n<div dir=\"auto\">Hace unos meses recibi\u00f3 la visita de t\u00e9cnicos del <a class=\"x1i10hfl xjbqb8w x6umtig x1b1mbwd xaqea5y xav7gou x9f619 x1ypdohk xt0psk2 xe8uvvx xdj266r x11i5rnm xat24cr x1mh8g0r xexx8yu x4uap5 x18d9i69 xkhd6sd x16tdsg8 x1hl2dhg xggy1nq x1a2a7pz xt0b8zv x1qq9wsj xo1l8bm\" tabindex=\"0\" role=\"link\" href=\"https:\/\/www.facebook.com\/magachimal?__cft__[0]=AZVjUxX5wx4HLuMGAp58PkVRqVq3-IjGGXvSX9Wz8o0ctFGP9tVNMHvo1WcenZMKpinxRHNP8vnBKdpeXN-anZvPtqTia5goFpYX1E83Puyq1abpnOJNMjP2Lm_m6PgJ6ACCi-zvcHuNiNcXyrO2MYZl8AM2iYpdf77Od39qUxqEVyB-EXkXZkIwwU90mR1K8TyHooumyj8matzzyFUC_V0I&amp;__tn__=-]K-y-R\"><span class=\"xt0psk2\">Ministerio de Agricultura, Ganader\u00eda y Alimentaci\u00f3n- Maga Chimaltenango<\/span><\/a> y fue beneficiado con las jornadas de vacunaci\u00f3n que velan por la salud av\u00edcola e impulsan la econom\u00eda y desarrollo.<\/div>\n<\/div>\n<p>&nbsp;<\/p>\n<p><a href=\"https:\/\/www.facebook.com\/GobernacionAV\/posts\/pfbid02FbJcZHWHQ2CcbkecTyX3PQqnRpxSYRDfqMEZ8oJNeRoH2ffw8UG5cGk2K717meoDl?__cft__[0]=AZVjUxX5wx4HLuMGAp58PkVRqVq3-IjGGXvSX9Wz8o0ctFGP9tVNMHvo1WcenZMKpinxRHNP8vnBKdpeXN-anZvPtqTia5goFpYX1E83Puyq1abpnOJNMjP2Lm_m6PgJ6ACCi-zvcHuNiNcXyrO2MYZl8AM2iYpdf77Od39qUxqEVyB-EXkXZkIwwU90mR1K8TyHooumyj8matzzyFUC_V0I&amp;__tn__=%2CO%2CP-R\"><img decoding=\"async\" loading=\"lazy\" class=\"alignnone wp-image-14925 size-full\" title=\"Ver video en Facebook\" src=\"https:\/\/gobernacionaltaverapaz.gob.gt\/wp-content\/uploads\/2023\/05\/01-2.jpg\" alt=\"\" width=\"900\" height=\"600\" srcset=\"https:\/\/gobernacionaltaverapaz.gob.gt\/wp-content\/uploads\/2023\/05\/01-2.jpg 900w, https:\/\/gobernacionaltaverapaz.gob.gt\/wp-content\/uploads\/2023\/05\/01-2-300x200.jpg 300w, https:\/\/gobernacionaltaverapaz.gob.gt\/wp-content\/uploads\/2023\/05\/01-2-768x512.jpg 768w\" sizes=\"(max-width: 900px) 100vw, 900px\" \/><\/a><\/p>\n","protected":false},"excerpt":{"rendered":"<p>Ever S\u00fachite se ha dedicado al cultivo de aves de patio. Hace unos meses recibi\u00f3 la visita de t\u00e9cnicos del Ministerio de Agricultura, Ganader\u00eda y Alimentaci\u00f3n- Maga Chimaltenango y fue beneficiado con las jornadas de vacunaci\u00f3n que velan por la salud av\u00edcola e impulsan la econom\u00eda y desarrollo. &nbsp;<\/p>\n","protected":false},"author":1,"featured_media":14926,"comment_status":"closed","ping_status":"open","sticky":false,"template":"","format":"video","meta":[],"categories":[5],"tags":[178],"_links":{"self":[{"href":"https:\/\/gobernacionaltaverapaz.gob.gt\/index.php?rest_route=\/wp\/v2\/posts\/14924"}],"collection":[{"href":"https:\/\/gobernacionaltaverapaz.gob.gt\/index.php?rest_route=\/wp\/v2\/posts"}],"about":[{"href":"https:\/\/gobernacionaltaverapaz.gob.gt\/index.php?rest_route=\/wp\/v2\/types\/post"}],"author":[{"embeddable":true,"href":"https:\/\/gobernacionaltaverapaz.gob.gt\/index.php?rest_route=\/wp\/v2\/users\/1"}],"replies":[{"embeddable":true,"href":"https:\/\/gobernacionaltaverapaz.gob.gt\/index.php?rest_route=%2Fwp%2Fv2%2Fcomments&post=14924"}],"version-history":[{"count":1,"href":"https:\/\/gobernacionaltaverapaz.gob.gt\/index.php?rest_route=\/wp\/v2\/posts\/14924\/revisions"}],"predecessor-version":[{"id":14927,"href":"https:\/\/gobernacionaltaverapaz.gob.gt\/index.php?rest_route=\/wp\/v2\/posts\/14924\/revisions\/14927"}],"wp:featuredmedia":[{"embeddable":true,"href":"https:\/\/gobernacionaltaverapaz.gob.gt\/index.php?rest_route=\/wp\/v2\/media\/14926"}],"wp:attachment":[{"href":"https:\/\/gobernacionaltaverapaz.gob.gt\/index.php?rest_route=%2Fwp%2Fv2%2Fmedia&parent=14924"}],"wp:term":[{"taxonomy":"category","embeddable":true,"href":"https:\/\/gobernacionaltaverapaz.gob.gt\/index.php?rest_route=%2Fwp%2Fv2%2Fcategories&post=14924"},{"taxonomy":"post_tag","embeddable":true,"href":"https:\/\/gobernacionaltaverapaz.gob.gt\/index.php?rest_route=%2Fwp%2Fv2%2Ftags&post=14924"}],"curies":[{"name":"wp","href":"https:\/\/api.w.org\/{rel}","templated":true}]}}