{"id":14933,"date":"2023-05-03T11:41:06","date_gmt":"2023-05-03T17:41:06","guid":{"rendered":"https:\/\/gobernacionaltaverapaz.gob.gt\/?p=14933"},"modified":"2023-05-05T10:26:30","modified_gmt":"2023-05-05T16:26:30","slug":"jornada-movil-de-servicios-integrados-2023","status":"publish","type":"post","link":"https:\/\/gobernacionaltaverapaz.gob.gt\/?p=14933","title":{"rendered":"Jornada M\u00f3vil de Servicios Integrados 2023"},"content":{"rendered":"<div class=\"xdj266r x11i5rnm xat24cr x1mh8g0r x1vvkbs x126k92a\">\n<div dir=\"auto\" style=\"text-align: justify;\">En el Sal\u00f3n de las Am\u00e9ricas, del Palacio de Gobernaci\u00f3n de Alta Verapaz, el d\u00eda de hoy se brind\u00f3 CONFERENCIA DE PRENSA, por Parte del Sr. Gobernador Departamental, Autoridades de la SCEP, <a class=\"x1i10hfl xjbqb8w x6umtig x1b1mbwd xaqea5y xav7gou x9f619 x1ypdohk xt0psk2 xe8uvvx xdj266r x11i5rnm xat24cr x1mh8g0r xexx8yu x4uap5 x18d9i69 xkhd6sd x16tdsg8 x1hl2dhg xggy1nq x1a2a7pz xt0b8zv x1qq9wsj xo1l8bm\" tabindex=\"0\" role=\"link\" href=\"https:\/\/www.facebook.com\/MiMuniCoban?__cft__[0]=AZUZswGafBRMub8_lk3MhvDgikAQyHvSSQFc8SSEqO_-hDuMmu-gwlPttHWArfSDmYlebfyqmFC59_UPQhNuQn3Goaa_igRngIEQFkNqDn6XmSFjU9xqqi0Jl1sKMja9j3BE-OvCpRyJ2i0gfmbgimNvrncQ2LHoezwzr0pEn0pCaEHzZBUbdhZdLcG-tytgTWY&amp;__tn__=-]K-R\"><span class=\"xt0psk2\">Municipalidad De Cob\u00e1n<\/span><\/a> y representantes de Instituciones participantes, Con el Objetivo de dar a Conocer a la poblaci\u00f3n Altaverapacense los Servicios de la 9na Jornada M\u00f3vil de Servicios Integrados 2023.<\/div>\n<\/div>\n<div class=\"x11i5rnm xat24cr x1mh8g0r x1vvkbs xtlvy1s x126k92a\" style=\"text-align: justify;\">\n<div dir=\"auto\">Actividad que se llevara a cabo en las instalaciones del Sal\u00f3n de Usos M\u00faltiples de la Municipalidad de Cob\u00e1n, del 08 al 12 de Mayo del Presente a\u00f1o, en horarios de 08:00 am a 16:0 pm.<\/div>\n<\/div>\n<div class=\"x11i5rnm xat24cr x1mh8g0r x1vvkbs xtlvy1s x126k92a\">\n<div dir=\"auto\" style=\"text-align: justify;\">Con estas acciones se busca acercar de forma temporal los servicios p\u00fablicos a la poblaci\u00f3n para que estos tengan la oportunidad de realizar tr\u00e1mites y gestiones de manera m\u00e1s eficaz y oportuna.<\/div>\n<\/div>\n<div dir=\"auto\"><\/div>\n<div dir=\"auto\"><\/div>\n<div dir=\"auto\"><\/div>\n<div class=\"x11i5rnm xat24cr x1mh8g0r x1vvkbs xtlvy1s x126k92a\">\n<div dir=\"auto\"><a class=\"x1i10hfl xjbqb8w x6umtig x1b1mbwd xaqea5y xav7gou x9f619 x1ypdohk xt0psk2 xe8uvvx xdj266r x11i5rnm xat24cr x1mh8g0r xexx8yu x4uap5 x18d9i69 xkhd6sd x16tdsg8 x1hl2dhg xggy1nq x1a2a7pz xt0b8zv x1qq9wsj xo1l8bm\" tabindex=\"0\" role=\"link\" href=\"https:\/\/www.facebook.com\/hashtag\/elgobdelosguatemaltecos?__eep__=6&amp;__cft__[0]=AZUZswGafBRMub8_lk3MhvDgikAQyHvSSQFc8SSEqO_-hDuMmu-gwlPttHWArfSDmYlebfyqmFC59_UPQhNuQn3Goaa_igRngIEQFkNqDn6XmSFjU9xqqi0Jl1sKMja9j3BE-OvCpRyJ2i0gfmbgimNvrncQ2LHoezwzr0pEn0pCaEHzZBUbdhZdLcG-tytgTWY&amp;__tn__=*NK-R\">#ElGobDeLosGuatemaltecos<\/a><\/div>\n<div dir=\"auto\"><a class=\"x1i10hfl xjbqb8w x6umtig x1b1mbwd xaqea5y xav7gou x9f619 x1ypdohk xt0psk2 xe8uvvx xdj266r x11i5rnm xat24cr x1mh8g0r xexx8yu x4uap5 x18d9i69 xkhd6sd x16tdsg8 x1hl2dhg xggy1nq x1a2a7pz xt0b8zv x1qq9wsj xo1l8bm\" tabindex=\"0\" role=\"link\" href=\"https:\/\/www.facebook.com\/hashtag\/accionesquetransforman?__eep__=6&amp;__cft__[0]=AZUZswGafBRMub8_lk3MhvDgikAQyHvSSQFc8SSEqO_-hDuMmu-gwlPttHWArfSDmYlebfyqmFC59_UPQhNuQn3Goaa_igRngIEQFkNqDn6XmSFjU9xqqi0Jl1sKMja9j3BE-OvCpRyJ2i0gfmbgimNvrncQ2LHoezwzr0pEn0pCaEHzZBUbdhZdLcG-tytgTWY&amp;__tn__=*NK-R\">#AccionesQueTransforman<\/a><\/div>\n<\/div>\n<p>&nbsp;<\/p>\n<p>&nbsp;<\/p>\n<p>&nbsp;<\/p>\n<div><\/div>\n","protected":false},"excerpt":{"rendered":"<p>En el Sal\u00f3n de las Am\u00e9ricas, del Palacio de Gobernaci\u00f3n de Alta Verapaz, el d\u00eda de hoy se brind\u00f3 CONFERENCIA DE PRENSA, por Parte del Sr. Gobernador Departamental, Autoridades de la SCEP, Municipalidad De Cob\u00e1n y representantes de Instituciones participantes, Con el Objetivo de dar a Conocer a la poblaci\u00f3n Altaverapacense los Servicios de la [&hellip;]<\/p>\n","protected":false},"author":1,"featured_media":14928,"comment_status":"closed","ping_status":"open","sticky":false,"template":"","format":"gallery","meta":[],"categories":[183],"tags":[178],"_links":{"self":[{"href":"https:\/\/gobernacionaltaverapaz.gob.gt\/index.php?rest_route=\/wp\/v2\/posts\/14933"}],"collection":[{"href":"https:\/\/gobernacionaltaverapaz.gob.gt\/index.php?rest_route=\/wp\/v2\/posts"}],"about":[{"href":"https:\/\/gobernacionaltaverapaz.gob.gt\/index.php?rest_route=\/wp\/v2\/types\/post"}],"author":[{"embeddable":true,"href":"https:\/\/gobernacionaltaverapaz.gob.gt\/index.php?rest_route=\/wp\/v2\/users\/1"}],"replies":[{"embeddable":true,"href":"https:\/\/gobernacionaltaverapaz.gob.gt\/index.php?rest_route=%2Fwp%2Fv2%2Fcomments&post=14933"}],"version-history":[{"count":1,"href":"https:\/\/gobernacionaltaverapaz.gob.gt\/index.php?rest_route=\/wp\/v2\/posts\/14933\/revisions"}],"predecessor-version":[{"id":14934,"href":"https:\/\/gobernacionaltaverapaz.gob.gt\/index.php?rest_route=\/wp\/v2\/posts\/14933\/revisions\/14934"}],"wp:featuredmedia":[{"embeddable":true,"href":"https:\/\/gobernacionaltaverapaz.gob.gt\/index.php?rest_route=\/wp\/v2\/media\/14928"}],"wp:attachment":[{"href":"https:\/\/gobernacionaltaverapaz.gob.gt\/index.php?rest_route=%2Fwp%2Fv2%2Fmedia&parent=14933"}],"wp:term":[{"taxonomy":"category","embeddable":true,"href":"https:\/\/gobernacionaltaverapaz.gob.gt\/index.php?rest_route=%2Fwp%2Fv2%2Fcategories&post=14933"},{"taxonomy":"post_tag","embeddable":true,"href":"https:\/\/gobernacionaltaverapaz.gob.gt\/index.php?rest_route=%2Fwp%2Fv2%2Ftags&post=14933"}],"curies":[{"name":"wp","href":"https:\/\/api.w.org\/{rel}","templated":true}]}}