{"id":14940,"date":"2023-05-04T16:12:29","date_gmt":"2023-05-04T22:12:29","guid":{"rendered":"https:\/\/gobernacionaltaverapaz.gob.gt\/?p=14940"},"modified":"2023-05-05T10:42:45","modified_gmt":"2023-05-05T16:42:45","slug":"feria-de-empleo-nacional2023","status":"publish","type":"post","link":"https:\/\/gobernacionaltaverapaz.gob.gt\/?p=14940","title":{"rendered":"Feria De Empleo Nacional 2023"},"content":{"rendered":"<div class=\"\" dir=\"auto\">\n<div class=\"\" dir=\"auto\">\n<div class=\"x1iorvi4 x1pi30zi x1l90r2v x1swvt13\" data-ad-comet-preview=\"message\" data-ad-preview=\"message\">\n<div class=\"x78zum5 xdt5ytf xz62fqu x16ldp7u\">\n<div class=\"xu06os2 x1ok221b\">\n<div class=\"xdj266r x11i5rnm xat24cr x1mh8g0r x1vvkbs x126k92a\">\n<div dir=\"auto\">El <a class=\"x1i10hfl xjbqb8w x6umtig x1b1mbwd xaqea5y xav7gou x9f619 x1ypdohk xt0psk2 xe8uvvx xdj266r x11i5rnm xat24cr x1mh8g0r xexx8yu x4uap5 x18d9i69 xkhd6sd x16tdsg8 x1hl2dhg xggy1nq x1a2a7pz xt0b8zv x1qq9wsj xo1l8bm\" tabindex=\"0\" role=\"link\" href=\"https:\/\/www.facebook.com\/Mintrabajoguatemala?__cft__[0]=AZWBoojjy01LuMqn81X5BqR-A-iUF46AG_R73k06fzWeacQgjTRieXXPyh2gSdCBykdC2FB_xYvRUzPKb67rtWADwObHmv61h6Zwx_XzOID51k4EQI0TuL7MdIMCoi8tWaV6t5SFh4B5lENKSFhweu6bO-6w0TnOxBEuM-D39590Wn4-TXDDB5AOrDpk1VeJqRw8IQB6bxaj6LeSoRON5rij&amp;__tn__=-]K-y-R\"><span class=\"xt0psk2\">Ministerio de Trabajo y Previsi\u00f3n Social<\/span><\/a>, a trav\u00e9s de la <a class=\"x1i10hfl xjbqb8w x6umtig x1b1mbwd xaqea5y xav7gou x9f619 x1ypdohk xt0psk2 xe8uvvx xdj266r x11i5rnm xat24cr x1mh8g0r xexx8yu x4uap5 x18d9i69 xkhd6sd x16tdsg8 x1hl2dhg xggy1nq x1a2a7pz xt0b8zv x1qq9wsj xo1l8bm\" tabindex=\"0\" role=\"link\" href=\"https:\/\/www.facebook.com\/hashtag\/feriadeempleonacional2023?__eep__=6&amp;__cft__[0]=AZWBoojjy01LuMqn81X5BqR-A-iUF46AG_R73k06fzWeacQgjTRieXXPyh2gSdCBykdC2FB_xYvRUzPKb67rtWADwObHmv61h6Zwx_XzOID51k4EQI0TuL7MdIMCoi8tWaV6t5SFh4B5lENKSFhweu6bO-6w0TnOxBEuM-D39590Wn4-TXDDB5AOrDpk1VeJqRw8IQB6bxaj6LeSoRON5rij&amp;__tn__=*NK-y-R\">#FeriaDeEmpleoNacional2023<\/a>, puso a disposici\u00f3n de los guatemaltecos m\u00e1s de 4 mil plazas laborales.<\/div>\n<\/div>\n<div class=\"x11i5rnm xat24cr x1mh8g0r x1vvkbs xtlvy1s x126k92a\">\n<div dir=\"auto\">Gracias a esta iniciativa, Alvaro Villeda ahora cuenta con un empleo digno.<a class=\"x1i10hfl xjbqb8w x6umtig x1b1mbwd xaqea5y xav7gou x9f619 x1ypdohk xt0psk2 xe8uvvx xdj266r x11i5rnm xat24cr x1mh8g0r xexx8yu x4uap5 x18d9i69 xkhd6sd x16tdsg8 x1hl2dhg xggy1nq x1a2a7pz xt0b8zv x1qq9wsj xo1l8bm\" tabindex=\"0\" role=\"link\" href=\"https:\/\/www.facebook.com\/hashtag\/protagonistasdenuestrotiempo?__eep__=6&amp;__cft__[0]=AZWBoojjy01LuMqn81X5BqR-A-iUF46AG_R73k06fzWeacQgjTRieXXPyh2gSdCBykdC2FB_xYvRUzPKb67rtWADwObHmv61h6Zwx_XzOID51k4EQI0TuL7MdIMCoi8tWaV6t5SFh4B5lENKSFhweu6bO-6w0TnOxBEuM-D39590Wn4-TXDDB5AOrDpk1VeJqRw8IQB6bxaj6LeSoRON5rij&amp;__tn__=*NK-y-R\"> #ProtagonistasDeNuestroTiemp<\/a>o<\/div>\n<\/div>\n<\/div>\n<\/div>\n<\/div>\n<\/div>\n<\/div>\n<p>&nbsp;<\/p>\n<p><a href=\"https:\/\/www.facebook.com\/GobernacionAV\/posts\/pfbid0bmiAyjYE1KCaVQJrvKv3Js6SxpJ5i1pxiNtwRrFKoVReXsibfK5cngeBhaY8caAAl?__cft__[0]=AZWBoojjy01LuMqn81X5BqR-A-iUF46AG_R73k06fzWeacQgjTRieXXPyh2gSdCBykdC2FB_xYvRUzPKb67rtWADwObHmv61h6Zwx_XzOID51k4EQI0TuL7MdIMCoi8tWaV6t5SFh4B5lENKSFhweu6bO-6w0TnOxBEuM-D39590Wn4-TXDDB5AOrDpk1VeJqRw8IQB6bxaj6LeSoRON5rij&amp;__tn__=%2CO%2CP-R\"><img decoding=\"async\" loading=\"lazy\" class=\"alignnone wp-image-14941 size-full\" title=\"Ver video en Facebook\" src=\"https:\/\/gobernacionaltaverapaz.gob.gt\/wp-content\/uploads\/2023\/05\/01-5.jpg\" alt=\"\" width=\"900\" height=\"600\" srcset=\"https:\/\/gobernacionaltaverapaz.gob.gt\/wp-content\/uploads\/2023\/05\/01-5.jpg 900w, https:\/\/gobernacionaltaverapaz.gob.gt\/wp-content\/uploads\/2023\/05\/01-5-300x200.jpg 300w, https:\/\/gobernacionaltaverapaz.gob.gt\/wp-content\/uploads\/2023\/05\/01-5-768x512.jpg 768w\" sizes=\"(max-width: 900px) 100vw, 900px\" \/><\/a><\/p>\n","protected":false},"excerpt":{"rendered":"<p>El Ministerio de Trabajo y Previsi\u00f3n Social, a trav\u00e9s de la #FeriaDeEmpleoNacional2023, puso a disposici\u00f3n de los guatemaltecos m\u00e1s de 4 mil plazas laborales. Gracias a esta iniciativa, Alvaro Villeda ahora cuenta con un empleo digno. #ProtagonistasDeNuestroTiempo &nbsp;<\/p>\n","protected":false},"author":1,"featured_media":14942,"comment_status":"closed","ping_status":"open","sticky":false,"template":"","format":"video","meta":[],"categories":[183],"tags":[178],"_links":{"self":[{"href":"https:\/\/gobernacionaltaverapaz.gob.gt\/index.php?rest_route=\/wp\/v2\/posts\/14940"}],"collection":[{"href":"https:\/\/gobernacionaltaverapaz.gob.gt\/index.php?rest_route=\/wp\/v2\/posts"}],"about":[{"href":"https:\/\/gobernacionaltaverapaz.gob.gt\/index.php?rest_route=\/wp\/v2\/types\/post"}],"author":[{"embeddable":true,"href":"https:\/\/gobernacionaltaverapaz.gob.gt\/index.php?rest_route=\/wp\/v2\/users\/1"}],"replies":[{"embeddable":true,"href":"https:\/\/gobernacionaltaverapaz.gob.gt\/index.php?rest_route=%2Fwp%2Fv2%2Fcomments&post=14940"}],"version-history":[{"count":2,"href":"https:\/\/gobernacionaltaverapaz.gob.gt\/index.php?rest_route=\/wp\/v2\/posts\/14940\/revisions"}],"predecessor-version":[{"id":14944,"href":"https:\/\/gobernacionaltaverapaz.gob.gt\/index.php?rest_route=\/wp\/v2\/posts\/14940\/revisions\/14944"}],"wp:featuredmedia":[{"embeddable":true,"href":"https:\/\/gobernacionaltaverapaz.gob.gt\/index.php?rest_route=\/wp\/v2\/media\/14942"}],"wp:attachment":[{"href":"https:\/\/gobernacionaltaverapaz.gob.gt\/index.php?rest_route=%2Fwp%2Fv2%2Fmedia&parent=14940"}],"wp:term":[{"taxonomy":"category","embeddable":true,"href":"https:\/\/gobernacionaltaverapaz.gob.gt\/index.php?rest_route=%2Fwp%2Fv2%2Fcategories&post=14940"},{"taxonomy":"post_tag","embeddable":true,"href":"https:\/\/gobernacionaltaverapaz.gob.gt\/index.php?rest_route=%2Fwp%2Fv2%2Ftags&post=14940"}],"curies":[{"name":"wp","href":"https:\/\/api.w.org\/{rel}","templated":true}]}}