{"id":14946,"date":"2023-05-06T16:38:27","date_gmt":"2023-05-06T22:38:27","guid":{"rendered":"https:\/\/gobernacionaltaverapaz.gob.gt\/?p=14946"},"modified":"2023-05-15T16:05:43","modified_gmt":"2023-05-15T22:05:43","slug":"beneficiario-del-programa-seguro-medico-escolar","status":"publish","type":"post","link":"https:\/\/gobernacionaltaverapaz.gob.gt\/?p=14946","title":{"rendered":"Beneficiario del Programa Seguro M\u00e9dico Escolar"},"content":{"rendered":"<p style=\"text-align: justify;\">El Programa #SeguroM\u00e9dicoEscolar del Ministerio de Educaci\u00f3n de Guatemala (P\u00e1gina Oficial) contin\u00faa favoreciendo a la poblaci\u00f3n estudiantil del \u00e1rea rural, garantizando su salud.<br \/>\nConoce la historia de Dolier Guti\u00e9rrez, uno de los #ProtagonistasDeNuestroTiempo.<\/p>\n<p>&nbsp;<\/p>\n<p>&nbsp;<\/p>\n<p><a href=\"https:\/\/www.facebook.com\/GobernacionAV\/posts\/pfbid092iP3W7HDRZ5CdAtoCas2WXXdkfKki72iHiuwcbRLxWTEWRCSR2fFvXMNJq4wXVVl?__cft__[0]=AZUIIhRiXTeM5k4nIn6m1Zp3HaGq6Nj_LkVJNdiDykph_SAfuER4HPGMT5iyxC240K0RW_87q2zi9Lt6QXbywRkLeqlQQrFiXVeafnYHPaY3J7fyoRko36w0BukrxCftjyJRk5F86CTj4p5FjzadlTm8if_98ELmApCmXDct7ODTQ4yD4-y4gs8aecrzSgOsOT_ZF9I5gW8WqLkv3cpNQVJG&amp;__tn__=%2CO%2CP-R\"><img decoding=\"async\" loading=\"lazy\" class=\"alignnone wp-image-14947 size-full\" title=\"Ver video en Facebook\" src=\"https:\/\/gobernacionaltaverapaz.gob.gt\/wp-content\/uploads\/2023\/05\/0-2.jpg\" alt=\"\" width=\"900\" height=\"600\" srcset=\"https:\/\/gobernacionaltaverapaz.gob.gt\/wp-content\/uploads\/2023\/05\/0-2.jpg 900w, https:\/\/gobernacionaltaverapaz.gob.gt\/wp-content\/uploads\/2023\/05\/0-2-300x200.jpg 300w, https:\/\/gobernacionaltaverapaz.gob.gt\/wp-content\/uploads\/2023\/05\/0-2-768x512.jpg 768w\" sizes=\"(max-width: 900px) 100vw, 900px\" \/><\/a><\/p>\n","protected":false},"excerpt":{"rendered":"<p>El Programa #SeguroM\u00e9dicoEscolar del Ministerio de Educaci\u00f3n de Guatemala (P\u00e1gina Oficial) contin\u00faa favoreciendo a la poblaci\u00f3n estudiantil del \u00e1rea rural, garantizando su salud. Conoce la historia de Dolier Guti\u00e9rrez, uno de los #ProtagonistasDeNuestroTiempo. &nbsp; &nbsp;<\/p>\n","protected":false},"author":1,"featured_media":14948,"comment_status":"closed","ping_status":"open","sticky":false,"template":"","format":"video","meta":[],"categories":[183],"tags":[178],"_links":{"self":[{"href":"https:\/\/gobernacionaltaverapaz.gob.gt\/index.php?rest_route=\/wp\/v2\/posts\/14946"}],"collection":[{"href":"https:\/\/gobernacionaltaverapaz.gob.gt\/index.php?rest_route=\/wp\/v2\/posts"}],"about":[{"href":"https:\/\/gobernacionaltaverapaz.gob.gt\/index.php?rest_route=\/wp\/v2\/types\/post"}],"author":[{"embeddable":true,"href":"https:\/\/gobernacionaltaverapaz.gob.gt\/index.php?rest_route=\/wp\/v2\/users\/1"}],"replies":[{"embeddable":true,"href":"https:\/\/gobernacionaltaverapaz.gob.gt\/index.php?rest_route=%2Fwp%2Fv2%2Fcomments&post=14946"}],"version-history":[{"count":1,"href":"https:\/\/gobernacionaltaverapaz.gob.gt\/index.php?rest_route=\/wp\/v2\/posts\/14946\/revisions"}],"predecessor-version":[{"id":14949,"href":"https:\/\/gobernacionaltaverapaz.gob.gt\/index.php?rest_route=\/wp\/v2\/posts\/14946\/revisions\/14949"}],"wp:featuredmedia":[{"embeddable":true,"href":"https:\/\/gobernacionaltaverapaz.gob.gt\/index.php?rest_route=\/wp\/v2\/media\/14948"}],"wp:attachment":[{"href":"https:\/\/gobernacionaltaverapaz.gob.gt\/index.php?rest_route=%2Fwp%2Fv2%2Fmedia&parent=14946"}],"wp:term":[{"taxonomy":"category","embeddable":true,"href":"https:\/\/gobernacionaltaverapaz.gob.gt\/index.php?rest_route=%2Fwp%2Fv2%2Fcategories&post=14946"},{"taxonomy":"post_tag","embeddable":true,"href":"https:\/\/gobernacionaltaverapaz.gob.gt\/index.php?rest_route=%2Fwp%2Fv2%2Ftags&post=14946"}],"curies":[{"name":"wp","href":"https:\/\/api.w.org\/{rel}","templated":true}]}}