{"id":14999,"date":"2023-05-15T16:11:12","date_gmt":"2023-05-15T22:11:12","guid":{"rendered":"https:\/\/gobernacionaltaverapaz.gob.gt\/?p=14999"},"modified":"2023-06-13T12:31:45","modified_gmt":"2023-06-13T18:31:45","slug":"mas-de-341-mil-700-mujeres-se-han-capacitado-en-materia-agricola-y-cuidado-del-hogar","status":"publish","type":"post","link":"https:\/\/gobernacionaltaverapaz.gob.gt\/?p=14999","title":{"rendered":"M\u00e1s de 341 mil 700 mujeres se han capacitado en materia agr\u00edcola y cuidado del hogar"},"content":{"rendered":"<div class=\"\" dir=\"auto\">\n<div class=\"\" dir=\"auto\">\n<div class=\"x1iorvi4 x1pi30zi x1l90r2v x1swvt13\" data-ad-comet-preview=\"message\" data-ad-preview=\"message\">\n<div class=\"x78zum5 xdt5ytf xz62fqu x16ldp7u\">\n<div class=\"xu06os2 x1ok221b\">\n<div class=\"xdj266r x11i5rnm xat24cr x1mh8g0r x1vvkbs x126k92a\">\n<div dir=\"auto\" style=\"text-align: justify;\">Durante la gesti\u00f3n del Gobierno del presidente <a class=\"x1i10hfl xjbqb8w x6umtig x1b1mbwd xaqea5y xav7gou x9f619 x1ypdohk xt0psk2 xe8uvvx xdj266r x11i5rnm xat24cr x1mh8g0r xexx8yu x4uap5 x18d9i69 xkhd6sd x16tdsg8 x1hl2dhg xggy1nq x1a2a7pz xt0b8zv x1qq9wsj xo1l8bm\" tabindex=\"0\" role=\"link\" href=\"https:\/\/www.facebook.com\/AlejandroGiammattei?__cft__[0]=AZWLiUoa6o6TS9eq9lZ8iNY6PrXZTSZVpViJw12N_tw9eahnVlH8si50gqiULohH-RbAzOWne9HxXcj6HoA65tfc6R8TgM7PuC9m1nR7_TxGSPCGfMPgnk4EO9gbRCNiV3qCjm2knumTtAeRdUP0ocZqp0pQArJ393WqSqzEeInzd6KXg5QZh2WJaHtdqgWFOgC7ne3EBlEzb7vOiZazBIQ1&amp;__tn__=-]K-y-R\"><span class=\"xt0psk2\">Alejandro Giammattei<\/span><\/a>, m\u00e1s de 341 mil 700 mujeres se han capacitado en materia agr\u00edcola y cuidado del hogar.<\/div>\n<\/div>\n<div class=\"x11i5rnm xat24cr x1mh8g0r x1vvkbs xtlvy1s x126k92a\">\n<div dir=\"auto\" style=\"text-align: justify;\">Conoce la historia de do\u00f1a Mar\u00eda Vega que cultiva hortalizas y prepara alimentos ricos en nutrientes.<a class=\"x1i10hfl xjbqb8w x6umtig x1b1mbwd xaqea5y xav7gou x9f619 x1ypdohk xt0psk2 xe8uvvx xdj266r x11i5rnm xat24cr x1mh8g0r xexx8yu x4uap5 x18d9i69 xkhd6sd x16tdsg8 x1hl2dhg xggy1nq x1a2a7pz xt0b8zv x1qq9wsj xo1l8bm\" tabindex=\"0\" role=\"link\" href=\"https:\/\/www.facebook.com\/hashtag\/protagonistasdenuestrotiempo?__eep__=6&amp;__cft__[0]=AZWLiUoa6o6TS9eq9lZ8iNY6PrXZTSZVpViJw12N_tw9eahnVlH8si50gqiULohH-RbAzOWne9HxXcj6HoA65tfc6R8TgM7PuC9m1nR7_TxGSPCGfMPgnk4EO9gbRCNiV3qCjm2knumTtAeRdUP0ocZqp0pQArJ393WqSqzEeInzd6KXg5QZh2WJaHtdqgWFOgC7ne3EBlEzb7vOiZazBIQ1&amp;__tn__=*NK-y-R\"> #ProtagonistasDeNuestroTiemp<\/a>o<\/div>\n<\/div>\n<\/div>\n<\/div>\n<\/div>\n<\/div>\n<\/div>\n<p><a href=\"https:\/\/www.facebook.com\/GobernacionAV\/posts\/pfbid027NjY4Jk9VXD2kPQYrNvxXrbJ146BLCcWuNviTxioZvoUrHRErwZfE7LngAVnJHqAl?__cft__[0]=AZWLiUoa6o6TS9eq9lZ8iNY6PrXZTSZVpViJw12N_tw9eahnVlH8si50gqiULohH-RbAzOWne9HxXcj6HoA65tfc6R8TgM7PuC9m1nR7_TxGSPCGfMPgnk4EO9gbRCNiV3qCjm2knumTtAeRdUP0ocZqp0pQArJ393WqSqzEeInzd6KXg5QZh2WJaHtdqgWFOgC7ne3EBlEzb7vOiZazBIQ1&amp;__tn__=%2CO%2CP-R\"><img decoding=\"async\" loading=\"lazy\" class=\"alignnone wp-image-15000 size-full\" title=\"Ver video en Facebook\" src=\"https:\/\/gobernacionaltaverapaz.gob.gt\/wp-content\/uploads\/2023\/06\/01-2.jpg\" alt=\"\" width=\"900\" height=\"600\" srcset=\"https:\/\/gobernacionaltaverapaz.gob.gt\/wp-content\/uploads\/2023\/06\/01-2.jpg 900w, https:\/\/gobernacionaltaverapaz.gob.gt\/wp-content\/uploads\/2023\/06\/01-2-300x200.jpg 300w, https:\/\/gobernacionaltaverapaz.gob.gt\/wp-content\/uploads\/2023\/06\/01-2-768x512.jpg 768w\" sizes=\"(max-width: 900px) 100vw, 900px\" \/><\/a><\/p>\n","protected":false},"excerpt":{"rendered":"<p>Durante la gesti\u00f3n del Gobierno del presidente Alejandro Giammattei, m\u00e1s de 341 mil 700 mujeres se han capacitado en materia agr\u00edcola y cuidado del hogar. Conoce la historia de do\u00f1a Mar\u00eda Vega que cultiva hortalizas y prepara alimentos ricos en nutrientes. #ProtagonistasDeNuestroTiempo<\/p>\n","protected":false},"author":1,"featured_media":15001,"comment_status":"closed","ping_status":"open","sticky":false,"template":"","format":"video","meta":[],"categories":[7],"tags":[178],"_links":{"self":[{"href":"https:\/\/gobernacionaltaverapaz.gob.gt\/index.php?rest_route=\/wp\/v2\/posts\/14999"}],"collection":[{"href":"https:\/\/gobernacionaltaverapaz.gob.gt\/index.php?rest_route=\/wp\/v2\/posts"}],"about":[{"href":"https:\/\/gobernacionaltaverapaz.gob.gt\/index.php?rest_route=\/wp\/v2\/types\/post"}],"author":[{"embeddable":true,"href":"https:\/\/gobernacionaltaverapaz.gob.gt\/index.php?rest_route=\/wp\/v2\/users\/1"}],"replies":[{"embeddable":true,"href":"https:\/\/gobernacionaltaverapaz.gob.gt\/index.php?rest_route=%2Fwp%2Fv2%2Fcomments&post=14999"}],"version-history":[{"count":1,"href":"https:\/\/gobernacionaltaverapaz.gob.gt\/index.php?rest_route=\/wp\/v2\/posts\/14999\/revisions"}],"predecessor-version":[{"id":15002,"href":"https:\/\/gobernacionaltaverapaz.gob.gt\/index.php?rest_route=\/wp\/v2\/posts\/14999\/revisions\/15002"}],"wp:featuredmedia":[{"embeddable":true,"href":"https:\/\/gobernacionaltaverapaz.gob.gt\/index.php?rest_route=\/wp\/v2\/media\/15001"}],"wp:attachment":[{"href":"https:\/\/gobernacionaltaverapaz.gob.gt\/index.php?rest_route=%2Fwp%2Fv2%2Fmedia&parent=14999"}],"wp:term":[{"taxonomy":"category","embeddable":true,"href":"https:\/\/gobernacionaltaverapaz.gob.gt\/index.php?rest_route=%2Fwp%2Fv2%2Fcategories&post=14999"},{"taxonomy":"post_tag","embeddable":true,"href":"https:\/\/gobernacionaltaverapaz.gob.gt\/index.php?rest_route=%2Fwp%2Fv2%2Ftags&post=14999"}],"curies":[{"name":"wp","href":"https:\/\/api.w.org\/{rel}","templated":true}]}}