{"id":15003,"date":"2023-05-16T13:15:58","date_gmt":"2023-05-16T19:15:58","guid":{"rendered":"https:\/\/gobernacionaltaverapaz.gob.gt\/?p=15003"},"modified":"2023-06-13T12:51:23","modified_gmt":"2023-06-13T18:51:23","slug":"recapeo-de-asfalto-en-el-tramo-que-abarca-la-1a-y-2a-calle-de-esta-cabecera-municipal","status":"publish","type":"post","link":"https:\/\/gobernacionaltaverapaz.gob.gt\/?p=15003","title":{"rendered":"Recapeo de asfalto en el tramo que abarca la 1a. y 2a. calle de esta cabecera municipal"},"content":{"rendered":"<div dir=\"auto\" style=\"text-align: justify;\">Vecino de la zona #5 de Coban <a class=\"x1i10hfl xjbqb8w x6umtig x1b1mbwd xaqea5y xav7gou x9f619 x1ypdohk xt0psk2 xe8uvvx xdj266r x11i5rnm xat24cr x1mh8g0r xexx8yu x4uap5 x18d9i69 xkhd6sd x16tdsg8 x1hl2dhg xggy1nq x1a2a7pz xt0b8zv x1qq9wsj xo1l8bm\" tabindex=\"0\" role=\"link\" href=\"https:\/\/www.facebook.com\/hashtag\/altaverapaz?__eep__=6&amp;__cft__[0]=AZXo-oKenqxZaO9iuZP7XVvqjpX7XGdW6MpbwnIcmj2hzh5r9gYd_duUFGlqEvIt9g78vUSXCrsb_IFMWaT0ZmPulc2N0qHEPouk7QKXgv26wjyJg5NHUGkAFdfXYx9e6k9_aZ8F2Scc_dKtfacT7Lk_e4MsZ1pkUcgbsi52a5o5PFsLpvpeMTdpwnekVaJi__k&amp;__tn__=*NK-R\">#AltaVerapaz<\/a>, agradece la gesti\u00f3n realizada por parte del <a class=\"x1i10hfl xjbqb8w x6umtig x1b1mbwd xaqea5y xav7gou x9f619 x1ypdohk xt0psk2 xe8uvvx xdj266r x11i5rnm xat24cr x1mh8g0r xexx8yu x4uap5 x18d9i69 xkhd6sd x16tdsg8 x1hl2dhg xggy1nq x1a2a7pz xt0b8zv x1qq9wsj xo1l8bm\" tabindex=\"0\" role=\"link\" href=\"https:\/\/www.facebook.com\/guatemalagob?__cft__[0]=AZXo-oKenqxZaO9iuZP7XVvqjpX7XGdW6MpbwnIcmj2hzh5r9gYd_duUFGlqEvIt9g78vUSXCrsb_IFMWaT0ZmPulc2N0qHEPouk7QKXgv26wjyJg5NHUGkAFdfXYx9e6k9_aZ8F2Scc_dKtfacT7Lk_e4MsZ1pkUcgbsi52a5o5PFsLpvpeMTdpwnekVaJi__k&amp;__tn__=-]K-R\"><span class=\"xt0psk2\">Gobierno de Guatemala<\/span><\/a> a trav\u00e9s del <a class=\"x1i10hfl xjbqb8w x6umtig x1b1mbwd xaqea5y xav7gou x9f619 x1ypdohk xt0psk2 xe8uvvx xdj266r x11i5rnm xat24cr x1mh8g0r xexx8yu x4uap5 x18d9i69 xkhd6sd x16tdsg8 x1hl2dhg xggy1nq x1a2a7pz xt0b8zv x1qq9wsj xo1l8bm\" tabindex=\"0\" role=\"link\" href=\"https:\/\/www.facebook.com\/civguate?__cft__[0]=AZXo-oKenqxZaO9iuZP7XVvqjpX7XGdW6MpbwnIcmj2hzh5r9gYd_duUFGlqEvIt9g78vUSXCrsb_IFMWaT0ZmPulc2N0qHEPouk7QKXgv26wjyJg5NHUGkAFdfXYx9e6k9_aZ8F2Scc_dKtfacT7Lk_e4MsZ1pkUcgbsi52a5o5PFsLpvpeMTdpwnekVaJi__k&amp;__tn__=-]K-R\"><span class=\"xt0psk2\">CIV- Ministerio de Comunicaciones<\/span><\/a> y <a class=\"x1i10hfl xjbqb8w x6umtig x1b1mbwd xaqea5y xav7gou x9f619 x1ypdohk xt0psk2 xe8uvvx xdj266r x11i5rnm xat24cr x1mh8g0r xexx8yu x4uap5 x18d9i69 xkhd6sd x16tdsg8 x1hl2dhg xggy1nq x1a2a7pz xt0b8zv x1qq9wsj xo1l8bm\" tabindex=\"0\" role=\"link\" href=\"https:\/\/www.facebook.com\/CovialCIV?__cft__[0]=AZXo-oKenqxZaO9iuZP7XVvqjpX7XGdW6MpbwnIcmj2hzh5r9gYd_duUFGlqEvIt9g78vUSXCrsb_IFMWaT0ZmPulc2N0qHEPouk7QKXgv26wjyJg5NHUGkAFdfXYx9e6k9_aZ8F2Scc_dKtfacT7Lk_e4MsZ1pkUcgbsi52a5o5PFsLpvpeMTdpwnekVaJi__k&amp;__tn__=-]K-R\"><span class=\"xt0psk2\">COVIAL (Unidad Ejecutora de Conservaci\u00f3n Vial)<\/span><\/a>, por el trabajo realizado en el recapeo de asfalto en el tramo que abarca la 1a. y 2a. calle de \u00e9sta cabecera municipal.<\/div>\n<div dir=\"auto\" style=\"text-align: justify;\"><a class=\"x1i10hfl xjbqb8w x6umtig x1b1mbwd xaqea5y xav7gou x9f619 x1ypdohk xt0psk2 xe8uvvx xdj266r x11i5rnm xat24cr x1mh8g0r xexx8yu x4uap5 x18d9i69 xkhd6sd x16tdsg8 x1hl2dhg xggy1nq x1a2a7pz xt0b8zv x1qq9wsj xo1l8bm\" tabindex=\"0\" role=\"link\" href=\"https:\/\/www.facebook.com\/AlejandroGiammattei?__cft__[0]=AZXo-oKenqxZaO9iuZP7XVvqjpX7XGdW6MpbwnIcmj2hzh5r9gYd_duUFGlqEvIt9g78vUSXCrsb_IFMWaT0ZmPulc2N0qHEPouk7QKXgv26wjyJg5NHUGkAFdfXYx9e6k9_aZ8F2Scc_dKtfacT7Lk_e4MsZ1pkUcgbsi52a5o5PFsLpvpeMTdpwnekVaJi__k&amp;__tn__=-]K-R\"><span class=\"xt0psk2\">Alejandro Giammattei<\/span><\/a><\/div>\n<div dir=\"auto\" style=\"text-align: justify;\"><a class=\"x1i10hfl xjbqb8w x6umtig x1b1mbwd xaqea5y xav7gou x9f619 x1ypdohk xt0psk2 xe8uvvx xdj266r x11i5rnm xat24cr x1mh8g0r xexx8yu x4uap5 x18d9i69 xkhd6sd x16tdsg8 x1hl2dhg xggy1nq x1a2a7pz xt0b8zv x1qq9wsj xo1l8bm\" tabindex=\"0\" role=\"link\" href=\"https:\/\/www.facebook.com\/hashtag\/accionesquetransforman?__eep__=6&amp;__cft__[0]=AZXo-oKenqxZaO9iuZP7XVvqjpX7XGdW6MpbwnIcmj2hzh5r9gYd_duUFGlqEvIt9g78vUSXCrsb_IFMWaT0ZmPulc2N0qHEPouk7QKXgv26wjyJg5NHUGkAFdfXYx9e6k9_aZ8F2Scc_dKtfacT7Lk_e4MsZ1pkUcgbsi52a5o5PFsLpvpeMTdpwnekVaJi__k&amp;__tn__=*NK-R\">#AccionesQueTransforman<\/a><\/div>\n<p>&nbsp;<\/p>\n<p>&nbsp;<\/p>\n<p><a href=\"https:\/\/www.facebook.com\/GobernacionAV\/posts\/pfbid028PAJRVtUL55gasVdEi26PGj7XarvvU1jJ4eUwRVMaQRKTA8AAE742rnQgFir2LPil?__cft__[0]=AZXo-oKenqxZaO9iuZP7XVvqjpX7XGdW6MpbwnIcmj2hzh5r9gYd_duUFGlqEvIt9g78vUSXCrsb_IFMWaT0ZmPulc2N0qHEPouk7QKXgv26wjyJg5NHUGkAFdfXYx9e6k9_aZ8F2Scc_dKtfacT7Lk_e4MsZ1pkUcgbsi52a5o5PFsLpvpeMTdpwnekVaJi__k&amp;__tn__=%2CO%2CP-R\"><img decoding=\"async\" loading=\"lazy\" class=\"alignnone wp-image-15004 size-full\" title=\"Ver video en Facebook\" src=\"https:\/\/gobernacionaltaverapaz.gob.gt\/wp-content\/uploads\/2023\/06\/01-3.jpg\" alt=\"\" width=\"900\" height=\"600\" srcset=\"https:\/\/gobernacionaltaverapaz.gob.gt\/wp-content\/uploads\/2023\/06\/01-3.jpg 900w, https:\/\/gobernacionaltaverapaz.gob.gt\/wp-content\/uploads\/2023\/06\/01-3-300x200.jpg 300w, https:\/\/gobernacionaltaverapaz.gob.gt\/wp-content\/uploads\/2023\/06\/01-3-768x512.jpg 768w\" sizes=\"(max-width: 900px) 100vw, 900px\" \/><\/a><\/p>\n","protected":false},"excerpt":{"rendered":"<p>Vecino de la zona #5 de Coban #AltaVerapaz, agradece la gesti\u00f3n realizada por parte del Gobierno de Guatemala a trav\u00e9s del CIV- Ministerio de Comunicaciones y COVIAL (Unidad Ejecutora de Conservaci\u00f3n Vial), por el trabajo realizado en el recapeo de asfalto en el tramo que abarca la 1a. y 2a. calle de \u00e9sta cabecera municipal. [&hellip;]<\/p>\n","protected":false},"author":1,"featured_media":15005,"comment_status":"closed","ping_status":"open","sticky":false,"template":"","format":"video","meta":[],"categories":[4],"tags":[178],"_links":{"self":[{"href":"https:\/\/gobernacionaltaverapaz.gob.gt\/index.php?rest_route=\/wp\/v2\/posts\/15003"}],"collection":[{"href":"https:\/\/gobernacionaltaverapaz.gob.gt\/index.php?rest_route=\/wp\/v2\/posts"}],"about":[{"href":"https:\/\/gobernacionaltaverapaz.gob.gt\/index.php?rest_route=\/wp\/v2\/types\/post"}],"author":[{"embeddable":true,"href":"https:\/\/gobernacionaltaverapaz.gob.gt\/index.php?rest_route=\/wp\/v2\/users\/1"}],"replies":[{"embeddable":true,"href":"https:\/\/gobernacionaltaverapaz.gob.gt\/index.php?rest_route=%2Fwp%2Fv2%2Fcomments&post=15003"}],"version-history":[{"count":3,"href":"https:\/\/gobernacionaltaverapaz.gob.gt\/index.php?rest_route=\/wp\/v2\/posts\/15003\/revisions"}],"predecessor-version":[{"id":15010,"href":"https:\/\/gobernacionaltaverapaz.gob.gt\/index.php?rest_route=\/wp\/v2\/posts\/15003\/revisions\/15010"}],"wp:featuredmedia":[{"embeddable":true,"href":"https:\/\/gobernacionaltaverapaz.gob.gt\/index.php?rest_route=\/wp\/v2\/media\/15005"}],"wp:attachment":[{"href":"https:\/\/gobernacionaltaverapaz.gob.gt\/index.php?rest_route=%2Fwp%2Fv2%2Fmedia&parent=15003"}],"wp:term":[{"taxonomy":"category","embeddable":true,"href":"https:\/\/gobernacionaltaverapaz.gob.gt\/index.php?rest_route=%2Fwp%2Fv2%2Fcategories&post=15003"},{"taxonomy":"post_tag","embeddable":true,"href":"https:\/\/gobernacionaltaverapaz.gob.gt\/index.php?rest_route=%2Fwp%2Fv2%2Ftags&post=15003"}],"curies":[{"name":"wp","href":"https:\/\/api.w.org\/{rel}","templated":true}]}}