{"id":15025,"date":"2023-05-18T18:45:13","date_gmt":"2023-05-19T00:45:13","guid":{"rendered":"https:\/\/gobernacionaltaverapaz.gob.gt\/?p=15025"},"modified":"2023-06-13T16:04:12","modified_gmt":"2023-06-13T22:04:12","slug":"jornadas-de-vacunacion-avicola","status":"publish","type":"post","link":"https:\/\/gobernacionaltaverapaz.gob.gt\/?p=15025","title":{"rendered":"Jornadas de vacunaci\u00f3n av\u00edcola"},"content":{"rendered":"<div class=\"\" dir=\"auto\">\n<div class=\"\" dir=\"auto\">\n<div class=\"x1iorvi4 x1pi30zi x1l90r2v x1swvt13\" data-ad-comet-preview=\"message\" data-ad-preview=\"message\">\n<div class=\"x78zum5 xdt5ytf xz62fqu x16ldp7u\">\n<div class=\"xu06os2 x1ok221b\">\n<div class=\"xdj266r x11i5rnm xat24cr x1mh8g0r x1vvkbs x126k92a\">\n<div dir=\"auto\" style=\"text-align: justify;\">Sandra Arreaga se dedica a la crianza de aves criollas y ahora tiene 70 aves en excelentes condiciones, gracias a la asistencia que le brinda el <a class=\"x1i10hfl xjbqb8w x6umtig x1b1mbwd xaqea5y xav7gou x9f619 x1ypdohk xt0psk2 xe8uvvx xdj266r x11i5rnm xat24cr x1mh8g0r xexx8yu x4uap5 x18d9i69 xkhd6sd x16tdsg8 x1hl2dhg xggy1nq x1a2a7pz xt0b8zv x1qq9wsj xo1l8bm\" tabindex=\"0\" role=\"link\" href=\"https:\/\/www.facebook.com\/maga.gt?__cft__[0]=AZVbvh_8msXMX6ObpBobIdUmrGB0mNG3kN2rrt9Tdql2E4JAeagL_9rstojGHOYBphKgw3STm6ZT-Qo3DR6HEiNynL4NVDIfdG5C_co0MKEwyncG3pMzUTaJ7Sl7e5vNSMotJDsWb9iKKXMTmYUSEh08AASNIQYRgZW-G_HuRpF8dBQ-khGEHd1OL5E2UjBDvIo-o28EMvAb76HYbl1d0f1j&amp;__tn__=-]K-y-R\"><span class=\"xt0psk2\">Ministerio de Agricultura, Ganader\u00eda y Alimentaci\u00f3n &#8211; MAGA<\/span><\/a>.<\/div>\n<div dir=\"auto\" style=\"text-align: justify;\">Seguimos contribuyendo con la transformaci\u00f3n de la vida de las mujeres en el campo. <a class=\"x1i10hfl xjbqb8w x6umtig x1b1mbwd xaqea5y xav7gou x9f619 x1ypdohk xt0psk2 xe8uvvx xdj266r x11i5rnm xat24cr x1mh8g0r xexx8yu x4uap5 x18d9i69 xkhd6sd x16tdsg8 x1hl2dhg xggy1nq x1a2a7pz xt0b8zv x1qq9wsj xo1l8bm\" tabindex=\"0\" role=\"link\" href=\"https:\/\/www.facebook.com\/hashtag\/protagonistasdenuestrotiempo?__eep__=6&amp;__cft__[0]=AZVbvh_8msXMX6ObpBobIdUmrGB0mNG3kN2rrt9Tdql2E4JAeagL_9rstojGHOYBphKgw3STm6ZT-Qo3DR6HEiNynL4NVDIfdG5C_co0MKEwyncG3pMzUTaJ7Sl7e5vNSMotJDsWb9iKKXMTmYUSEh08AASNIQYRgZW-G_HuRpF8dBQ-khGEHd1OL5E2UjBDvIo-o28EMvAb76HYbl1d0f1j&amp;__tn__=*NK-y-R\">#ProtagonistasDeNuestroTiempo<\/a><\/div>\n<\/div>\n<\/div>\n<\/div>\n<\/div>\n<\/div>\n<\/div>\n<p>&nbsp;<\/p>\n<p><a href=\"https:\/\/www.facebook.com\/GobernacionAV\/posts\/pfbid02PooxMkgDXuZQVkYs18mvUmCzEAUc9DPwCrJLcq5B1YgkLViCmQxreZvBH6EEtKW5l?__cft__[0]=AZVbvh_8msXMX6ObpBobIdUmrGB0mNG3kN2rrt9Tdql2E4JAeagL_9rstojGHOYBphKgw3STm6ZT-Qo3DR6HEiNynL4NVDIfdG5C_co0MKEwyncG3pMzUTaJ7Sl7e5vNSMotJDsWb9iKKXMTmYUSEh08AASNIQYRgZW-G_HuRpF8dBQ-khGEHd1OL5E2UjBDvIo-o28EMvAb76HYbl1d0f1j&amp;__tn__=%2CO%2CP-R\"><img decoding=\"async\" loading=\"lazy\" class=\"alignnone wp-image-15026 size-full\" title=\"Ver video en Facebook\" src=\"https:\/\/gobernacionaltaverapaz.gob.gt\/wp-content\/uploads\/2023\/06\/01-7.jpg\" alt=\"\" width=\"900\" height=\"600\" srcset=\"https:\/\/gobernacionaltaverapaz.gob.gt\/wp-content\/uploads\/2023\/06\/01-7.jpg 900w, https:\/\/gobernacionaltaverapaz.gob.gt\/wp-content\/uploads\/2023\/06\/01-7-300x200.jpg 300w, https:\/\/gobernacionaltaverapaz.gob.gt\/wp-content\/uploads\/2023\/06\/01-7-768x512.jpg 768w\" sizes=\"(max-width: 900px) 100vw, 900px\" \/><\/a><\/p>\n","protected":false},"excerpt":{"rendered":"<p>Sandra Arreaga se dedica a la crianza de aves criollas y ahora tiene 70 aves en excelentes condiciones, gracias a la asistencia que le brinda el Ministerio de Agricultura, Ganader\u00eda y Alimentaci\u00f3n &#8211; MAGA. Seguimos contribuyendo con la transformaci\u00f3n de la vida de las mujeres en el campo. #ProtagonistasDeNuestroTiempo &nbsp;<\/p>\n","protected":false},"author":1,"featured_media":15027,"comment_status":"closed","ping_status":"open","sticky":false,"template":"","format":"video","meta":[],"categories":[7],"tags":[178],"_links":{"self":[{"href":"https:\/\/gobernacionaltaverapaz.gob.gt\/index.php?rest_route=\/wp\/v2\/posts\/15025"}],"collection":[{"href":"https:\/\/gobernacionaltaverapaz.gob.gt\/index.php?rest_route=\/wp\/v2\/posts"}],"about":[{"href":"https:\/\/gobernacionaltaverapaz.gob.gt\/index.php?rest_route=\/wp\/v2\/types\/post"}],"author":[{"embeddable":true,"href":"https:\/\/gobernacionaltaverapaz.gob.gt\/index.php?rest_route=\/wp\/v2\/users\/1"}],"replies":[{"embeddable":true,"href":"https:\/\/gobernacionaltaverapaz.gob.gt\/index.php?rest_route=%2Fwp%2Fv2%2Fcomments&post=15025"}],"version-history":[{"count":1,"href":"https:\/\/gobernacionaltaverapaz.gob.gt\/index.php?rest_route=\/wp\/v2\/posts\/15025\/revisions"}],"predecessor-version":[{"id":15028,"href":"https:\/\/gobernacionaltaverapaz.gob.gt\/index.php?rest_route=\/wp\/v2\/posts\/15025\/revisions\/15028"}],"wp:featuredmedia":[{"embeddable":true,"href":"https:\/\/gobernacionaltaverapaz.gob.gt\/index.php?rest_route=\/wp\/v2\/media\/15027"}],"wp:attachment":[{"href":"https:\/\/gobernacionaltaverapaz.gob.gt\/index.php?rest_route=%2Fwp%2Fv2%2Fmedia&parent=15025"}],"wp:term":[{"taxonomy":"category","embeddable":true,"href":"https:\/\/gobernacionaltaverapaz.gob.gt\/index.php?rest_route=%2Fwp%2Fv2%2Fcategories&post=15025"},{"taxonomy":"post_tag","embeddable":true,"href":"https:\/\/gobernacionaltaverapaz.gob.gt\/index.php?rest_route=%2Fwp%2Fv2%2Ftags&post=15025"}],"curies":[{"name":"wp","href":"https:\/\/api.w.org\/{rel}","templated":true}]}}