{"id":15029,"date":"2023-05-19T13:01:48","date_gmt":"2023-05-19T19:01:48","guid":{"rendered":"https:\/\/gobernacionaltaverapaz.gob.gt\/?p=15029"},"modified":"2023-06-13T16:39:40","modified_gmt":"2023-06-13T22:39:40","slug":"firma-de-convenio-de-ejecucion-de-obra-con-la-municipalidad-de-panzos","status":"publish","type":"post","link":"https:\/\/gobernacionaltaverapaz.gob.gt\/?p=15029","title":{"rendered":"Firma de convenio de ejecuci\u00f3n de obra con la Municipalidad de Panzos"},"content":{"rendered":"<div class=\"xdj266r x11i5rnm xat24cr x1mh8g0r x1vvkbs x126k92a\">\n<div dir=\"auto\" style=\"text-align: justify;\">Con el prop\u00f3sito de impulsar el desarrollo en el departamento, el Sr. Gobernador de Alta Verapaz, el d\u00eda de hoy llev\u00f3 a cabo el acto de la firma de convenios de ejecuci\u00f3n de obra entre el Consejo Departamental de Desarrollo y la <a class=\"x1i10hfl xjbqb8w x6umtig x1b1mbwd xaqea5y xav7gou x9f619 x1ypdohk xt0psk2 xe8uvvx xdj266r x11i5rnm xat24cr x1mh8g0r xexx8yu x4uap5 x18d9i69 xkhd6sd x16tdsg8 x1hl2dhg xggy1nq x1a2a7pz xt0b8zv x1qq9wsj xo1l8bm\" tabindex=\"0\" role=\"link\" href=\"https:\/\/www.facebook.com\/profile.php?id=100027942715316&amp;__cft__[0]=AZUIZ86kuUUatLUy7OIOQLh9Bnncgkcl2XHyrEQBHckVUGT_RFzXztCrfKG5MOLwJQEcIC2UZB4jCeGWIBxYT15CoZFRK_H2-a-OkVnfqVpGwgCAMIlC5vDqO779-txZmeFnpAzj2b5dgTFZLJG8gjmjd1pT-wBkPNpKUorYLx-llYItt5pzKP_fWTmxSPoLnAU&amp;__tn__=-]K-R\"><span class=\"xt0psk2\">Municipalidad de Panzos 2020-2024<\/span><\/a>.<\/div>\n<div dir=\"auto\" style=\"text-align: justify;\">Convenios que permitir\u00e1 la ejecuci\u00f3n en este a\u00f1o de los proyectos:<\/div>\n<\/div>\n<div class=\"x11i5rnm xat24cr x1mh8g0r x1vvkbs xtlvy1s x126k92a\" style=\"text-align: justify;\">\n<div dir=\"auto\">Construcci\u00f3n Escuela Primaria Caser\u00edo CONCEPCION II<\/div>\n<\/div>\n<div class=\"x11i5rnm xat24cr x1mh8g0r x1vvkbs xtlvy1s x126k92a\" style=\"text-align: justify;\">\n<div dir=\"auto\">Ampliaci\u00f3n Escuela Primaria, Caser\u00edo CANLUN II, Panz\u00f3s<\/div>\n<\/div>\n<div class=\"x11i5rnm xat24cr x1mh8g0r x1vvkbs xtlvy1s x126k92a\">\n<div dir=\"auto\" style=\"text-align: justify;\">Construcci\u00f3n escuela Primaria Caser\u00edo SAN MARCOS II, Panz\u00f3s, A.V.<\/div>\n<\/div>\n<p>&nbsp;<\/p>\n<p>&nbsp;<\/p>\n<p>&nbsp;<\/p>\n<div>\n<div><\/div>\n<\/div>\n","protected":false},"excerpt":{"rendered":"<p>Con el prop\u00f3sito de impulsar el desarrollo en el departamento, el Sr. Gobernador de Alta Verapaz, el d\u00eda de hoy llev\u00f3 a cabo el acto de la firma de convenios de ejecuci\u00f3n de obra entre el Consejo Departamental de Desarrollo y la Municipalidad de Panzos 2020-2024. Convenios que permitir\u00e1 la ejecuci\u00f3n en este a\u00f1o de [&hellip;]<\/p>\n","protected":false},"author":1,"featured_media":15030,"comment_status":"closed","ping_status":"open","sticky":false,"template":"","format":"gallery","meta":[],"categories":[4],"tags":[178],"_links":{"self":[{"href":"https:\/\/gobernacionaltaverapaz.gob.gt\/index.php?rest_route=\/wp\/v2\/posts\/15029"}],"collection":[{"href":"https:\/\/gobernacionaltaverapaz.gob.gt\/index.php?rest_route=\/wp\/v2\/posts"}],"about":[{"href":"https:\/\/gobernacionaltaverapaz.gob.gt\/index.php?rest_route=\/wp\/v2\/types\/post"}],"author":[{"embeddable":true,"href":"https:\/\/gobernacionaltaverapaz.gob.gt\/index.php?rest_route=\/wp\/v2\/users\/1"}],"replies":[{"embeddable":true,"href":"https:\/\/gobernacionaltaverapaz.gob.gt\/index.php?rest_route=%2Fwp%2Fv2%2Fcomments&post=15029"}],"version-history":[{"count":3,"href":"https:\/\/gobernacionaltaverapaz.gob.gt\/index.php?rest_route=\/wp\/v2\/posts\/15029\/revisions"}],"predecessor-version":[{"id":15038,"href":"https:\/\/gobernacionaltaverapaz.gob.gt\/index.php?rest_route=\/wp\/v2\/posts\/15029\/revisions\/15038"}],"wp:featuredmedia":[{"embeddable":true,"href":"https:\/\/gobernacionaltaverapaz.gob.gt\/index.php?rest_route=\/wp\/v2\/media\/15030"}],"wp:attachment":[{"href":"https:\/\/gobernacionaltaverapaz.gob.gt\/index.php?rest_route=%2Fwp%2Fv2%2Fmedia&parent=15029"}],"wp:term":[{"taxonomy":"category","embeddable":true,"href":"https:\/\/gobernacionaltaverapaz.gob.gt\/index.php?rest_route=%2Fwp%2Fv2%2Fcategories&post=15029"},{"taxonomy":"post_tag","embeddable":true,"href":"https:\/\/gobernacionaltaverapaz.gob.gt\/index.php?rest_route=%2Fwp%2Fv2%2Ftags&post=15029"}],"curies":[{"name":"wp","href":"https:\/\/api.w.org\/{rel}","templated":true}]}}