{"id":15053,"date":"2023-05-22T11:37:52","date_gmt":"2023-05-22T17:37:52","guid":{"rendered":"https:\/\/gobernacionaltaverapaz.gob.gt\/?p=15053"},"modified":"2023-06-14T10:53:50","modified_gmt":"2023-06-14T16:53:50","slug":"reunion-de-trabajo-dirigida-por-el-ministro-de-gobernacion","status":"publish","type":"post","link":"https:\/\/gobernacionaltaverapaz.gob.gt\/?p=15053","title":{"rendered":"Reuni\u00f3n de trabajo dirigida por El Ministro de Gobernaci\u00f3n"},"content":{"rendered":"<div dir=\"auto\" style=\"text-align: justify;\">AHORA| El Sr. Gobernador de Alta Verapaz, participa en reuni\u00f3n de trabajo, dirigida por El Ministro de Gobernaci\u00f3n Junto a Viceministros y Mandos de la <a class=\"x1i10hfl xjbqb8w x6umtig x1b1mbwd xaqea5y xav7gou x9f619 x1ypdohk xt0psk2 xe8uvvx xdj266r x11i5rnm xat24cr x1mh8g0r xexx8yu x4uap5 x18d9i69 xkhd6sd x16tdsg8 x1hl2dhg xggy1nq x1a2a7pz xt0b8zv x1qq9wsj xo1l8bm\" tabindex=\"0\" role=\"link\" href=\"https:\/\/www.facebook.com\/PoliciaNacionalCivildeGuatemala?__cft__[0]=AZU6fr5IHW9GWGk0RSPkt2wA_j3Nwl3rnlqKL75dpOA8FPvctcShtSNwY81yshhre_qVTJSTWqXay4Qq79y5S_kmhHmeeJrzh6RRfBf3eApg_HD6zigbMkdCY2kjC25Km9bkx6X5HUtN3L16VN8Pma6i31KBFwJ9anf0X3O-bKsOXFwBEyYD0CxHGQM_Ai-bRqs&amp;__tn__=-]K-R\"><span class=\"xt0psk2\">PNCdeGuatemala<\/span><\/a>, con la finalidad de abordar temas relacionados a ejecuci\u00f3n presupuestaria y planificaciones.<\/div>\n<div dir=\"auto\" style=\"text-align: justify;\"><a class=\"x1i10hfl xjbqb8w x6umtig x1b1mbwd xaqea5y xav7gou x9f619 x1ypdohk xt0psk2 xe8uvvx xdj266r x11i5rnm xat24cr x1mh8g0r xexx8yu x4uap5 x18d9i69 xkhd6sd x16tdsg8 x1hl2dhg xggy1nq x1a2a7pz xt0b8zv x1qq9wsj xo1l8bm\" tabindex=\"0\" role=\"link\" href=\"https:\/\/www.facebook.com\/hashtag\/elgobdelosguatemaltecos?__eep__=6&amp;__cft__[0]=AZU6fr5IHW9GWGk0RSPkt2wA_j3Nwl3rnlqKL75dpOA8FPvctcShtSNwY81yshhre_qVTJSTWqXay4Qq79y5S_kmhHmeeJrzh6RRfBf3eApg_HD6zigbMkdCY2kjC25Km9bkx6X5HUtN3L16VN8Pma6i31KBFwJ9anf0X3O-bKsOXFwBEyYD0CxHGQM_Ai-bRqs&amp;__tn__=*NK-R\">#ElGobDeLosGuatemaltecos<\/a><\/div>\n<p>&nbsp;<\/p>\n<p>&nbsp;<\/p>\n<p>&nbsp;<\/p>\n<div><\/div>\n","protected":false},"excerpt":{"rendered":"<p>AHORA| El Sr. Gobernador de Alta Verapaz, participa en reuni\u00f3n de trabajo, dirigida por El Ministro de Gobernaci\u00f3n Junto a Viceministros y Mandos de la PNCdeGuatemala, con la finalidad de abordar temas relacionados a ejecuci\u00f3n presupuestaria y planificaciones. #ElGobDeLosGuatemaltecos &nbsp; &nbsp; &nbsp;<\/p>\n","protected":false},"author":1,"featured_media":15051,"comment_status":"closed","ping_status":"open","sticky":false,"template":"","format":"gallery","meta":[],"categories":[194],"tags":[178],"_links":{"self":[{"href":"https:\/\/gobernacionaltaverapaz.gob.gt\/index.php?rest_route=\/wp\/v2\/posts\/15053"}],"collection":[{"href":"https:\/\/gobernacionaltaverapaz.gob.gt\/index.php?rest_route=\/wp\/v2\/posts"}],"about":[{"href":"https:\/\/gobernacionaltaverapaz.gob.gt\/index.php?rest_route=\/wp\/v2\/types\/post"}],"author":[{"embeddable":true,"href":"https:\/\/gobernacionaltaverapaz.gob.gt\/index.php?rest_route=\/wp\/v2\/users\/1"}],"replies":[{"embeddable":true,"href":"https:\/\/gobernacionaltaverapaz.gob.gt\/index.php?rest_route=%2Fwp%2Fv2%2Fcomments&post=15053"}],"version-history":[{"count":1,"href":"https:\/\/gobernacionaltaverapaz.gob.gt\/index.php?rest_route=\/wp\/v2\/posts\/15053\/revisions"}],"predecessor-version":[{"id":15054,"href":"https:\/\/gobernacionaltaverapaz.gob.gt\/index.php?rest_route=\/wp\/v2\/posts\/15053\/revisions\/15054"}],"wp:featuredmedia":[{"embeddable":true,"href":"https:\/\/gobernacionaltaverapaz.gob.gt\/index.php?rest_route=\/wp\/v2\/media\/15051"}],"wp:attachment":[{"href":"https:\/\/gobernacionaltaverapaz.gob.gt\/index.php?rest_route=%2Fwp%2Fv2%2Fmedia&parent=15053"}],"wp:term":[{"taxonomy":"category","embeddable":true,"href":"https:\/\/gobernacionaltaverapaz.gob.gt\/index.php?rest_route=%2Fwp%2Fv2%2Fcategories&post=15053"},{"taxonomy":"post_tag","embeddable":true,"href":"https:\/\/gobernacionaltaverapaz.gob.gt\/index.php?rest_route=%2Fwp%2Fv2%2Ftags&post=15053"}],"curies":[{"name":"wp","href":"https:\/\/api.w.org\/{rel}","templated":true}]}}