{"id":15059,"date":"2023-05-22T16:21:20","date_gmt":"2023-05-22T22:21:20","guid":{"rendered":"https:\/\/gobernacionaltaverapaz.gob.gt\/?p=15059"},"modified":"2023-06-14T11:02:16","modified_gmt":"2023-06-14T17:02:16","slug":"se-realiza-el-lanzamiento-del-programa-sembrando-huella-de-la-region-ii-del-inab","status":"publish","type":"post","link":"https:\/\/gobernacionaltaverapaz.gob.gt\/?p=15059","title":{"rendered":"Se realiza el lanzamiento del programa sembrando huella de la regi\u00f3n II del -INAB-"},"content":{"rendered":"<div class=\"x11i5rnm xat24cr x1mh8g0r x1vvkbs xtlvy1s x126k92a\">\n<div dir=\"auto\" style=\"text-align: justify;\">En conmemoraci\u00f3n del dia del \u00e1rbol se realiza el lanzamiento del programa sembrando huella en la regi\u00f3n de las verapaces e Ixc\u00e1n que promueve la cultura forestal a trav\u00e9s de sensibilizaci\u00f3n, fomento y Reforestaci\u00f3n que permiten el uso adecuado de los bosques apoyando a la conservaci\u00f3n y recuperaci\u00f3n del paisaje urbano y rural.<\/div>\n<\/div>\n<div class=\"x11i5rnm xat24cr x1mh8g0r x1vvkbs xtlvy1s x126k92a\">\n<div dir=\"auto\" style=\"text-align: justify;\">Durante este a\u00f1o 2023 se tiene como meta realizar 70 jornadas de reforestaci\u00f3n con un total de 2,794 participantes, entre los cuales se destaca la participaci\u00f3n de 1,600 maestros, 800 alumnos y sociedad civil, que participaran en diferentes actividades para fomentar la cultura forestal.<\/div>\n<\/div>\n<p>&nbsp;<\/p>\n<p>&nbsp;<\/p>\n<p>&nbsp;<\/p>\n<div><\/div>\n","protected":false},"excerpt":{"rendered":"<p>En conmemoraci\u00f3n del dia del \u00e1rbol se realiza el lanzamiento del programa sembrando huella en la regi\u00f3n de las verapaces e Ixc\u00e1n que promueve la cultura forestal a trav\u00e9s de sensibilizaci\u00f3n, fomento y Reforestaci\u00f3n que permiten el uso adecuado de los bosques apoyando a la conservaci\u00f3n y recuperaci\u00f3n del paisaje urbano y rural. Durante este [&hellip;]<\/p>\n","protected":false},"author":1,"featured_media":15055,"comment_status":"closed","ping_status":"open","sticky":false,"template":"","format":"gallery","meta":[],"categories":[6],"tags":[178],"_links":{"self":[{"href":"https:\/\/gobernacionaltaverapaz.gob.gt\/index.php?rest_route=\/wp\/v2\/posts\/15059"}],"collection":[{"href":"https:\/\/gobernacionaltaverapaz.gob.gt\/index.php?rest_route=\/wp\/v2\/posts"}],"about":[{"href":"https:\/\/gobernacionaltaverapaz.gob.gt\/index.php?rest_route=\/wp\/v2\/types\/post"}],"author":[{"embeddable":true,"href":"https:\/\/gobernacionaltaverapaz.gob.gt\/index.php?rest_route=\/wp\/v2\/users\/1"}],"replies":[{"embeddable":true,"href":"https:\/\/gobernacionaltaverapaz.gob.gt\/index.php?rest_route=%2Fwp%2Fv2%2Fcomments&post=15059"}],"version-history":[{"count":1,"href":"https:\/\/gobernacionaltaverapaz.gob.gt\/index.php?rest_route=\/wp\/v2\/posts\/15059\/revisions"}],"predecessor-version":[{"id":15060,"href":"https:\/\/gobernacionaltaverapaz.gob.gt\/index.php?rest_route=\/wp\/v2\/posts\/15059\/revisions\/15060"}],"wp:featuredmedia":[{"embeddable":true,"href":"https:\/\/gobernacionaltaverapaz.gob.gt\/index.php?rest_route=\/wp\/v2\/media\/15055"}],"wp:attachment":[{"href":"https:\/\/gobernacionaltaverapaz.gob.gt\/index.php?rest_route=%2Fwp%2Fv2%2Fmedia&parent=15059"}],"wp:term":[{"taxonomy":"category","embeddable":true,"href":"https:\/\/gobernacionaltaverapaz.gob.gt\/index.php?rest_route=%2Fwp%2Fv2%2Fcategories&post=15059"},{"taxonomy":"post_tag","embeddable":true,"href":"https:\/\/gobernacionaltaverapaz.gob.gt\/index.php?rest_route=%2Fwp%2Fv2%2Ftags&post=15059"}],"curies":[{"name":"wp","href":"https:\/\/api.w.org\/{rel}","templated":true}]}}