{"id":15067,"date":"2023-05-24T13:00:33","date_gmt":"2023-05-24T19:00:33","guid":{"rendered":"https:\/\/gobernacionaltaverapaz.gob.gt\/?p=15067"},"modified":"2023-06-14T11:34:20","modified_gmt":"2023-06-14T17:34:20","slug":"reunion-con-lideres-comunitarios-y-alcaldes-auxiliares-del-municipio-de-chahal","status":"publish","type":"post","link":"https:\/\/gobernacionaltaverapaz.gob.gt\/?p=15067","title":{"rendered":"Reuni\u00f3n con l\u00edderes comunitarios y Alcaldes auxiliares del municipio de Chahal"},"content":{"rendered":"<p style=\"text-align: justify;\"><span class=\"x193iq5w xeuugli x13faqbe x1vvkbs x1xmvt09 x1lliihq x1s928wv xhkezso x1gmr53x x1cpjm7i x1fgarty x1943h6x xudqn12 x3x7a5m x6prxxf xvq8zen xo1l8bm xzsf02u x1yc453h\" dir=\"auto\">La Direcci\u00f3n Regional de las Verapaces a trav\u00e9s de personal guarda recursos tuvo participaci\u00f3n en reuni\u00f3n con l\u00edderes comunitarios y Alcaldes auxiliares del municipio de Chahal d\u00e1ndoles a conocer sobre la importancia de las \u00e1reas protegidas y de la diversidad biol\u00f3gica.<\/span><\/p>\n<p>&nbsp;<\/p>\n<p><img decoding=\"async\" loading=\"lazy\" class=\"alignnone  wp-image-15068\" src=\"https:\/\/gobernacionaltaverapaz.gob.gt\/wp-content\/uploads\/2023\/06\/01-16.jpg\" alt=\"\" width=\"350\" height=\"233\" srcset=\"https:\/\/gobernacionaltaverapaz.gob.gt\/wp-content\/uploads\/2023\/06\/01-16.jpg 900w, https:\/\/gobernacionaltaverapaz.gob.gt\/wp-content\/uploads\/2023\/06\/01-16-300x200.jpg 300w, https:\/\/gobernacionaltaverapaz.gob.gt\/wp-content\/uploads\/2023\/06\/01-16-768x512.jpg 768w\" sizes=\"(max-width: 350px) 100vw, 350px\" \/> <img decoding=\"async\" loading=\"lazy\" class=\"alignnone  wp-image-15069\" src=\"https:\/\/gobernacionaltaverapaz.gob.gt\/wp-content\/uploads\/2023\/06\/02-8.jpg\" alt=\"\" width=\"350\" height=\"237\" \/><\/p>\n<p>&nbsp;<\/p>\n","protected":false},"excerpt":{"rendered":"<p>La Direcci\u00f3n Regional de las Verapaces a trav\u00e9s de personal guarda recursos tuvo participaci\u00f3n en reuni\u00f3n con l\u00edderes comunitarios y Alcaldes auxiliares del municipio de Chahal d\u00e1ndoles a conocer sobre la importancia de las \u00e1reas protegidas y de la diversidad biol\u00f3gica. &nbsp; &nbsp;<\/p>\n","protected":false},"author":1,"featured_media":15068,"comment_status":"closed","ping_status":"open","sticky":false,"template":"","format":"standard","meta":[],"categories":[194],"tags":[178],"_links":{"self":[{"href":"https:\/\/gobernacionaltaverapaz.gob.gt\/index.php?rest_route=\/wp\/v2\/posts\/15067"}],"collection":[{"href":"https:\/\/gobernacionaltaverapaz.gob.gt\/index.php?rest_route=\/wp\/v2\/posts"}],"about":[{"href":"https:\/\/gobernacionaltaverapaz.gob.gt\/index.php?rest_route=\/wp\/v2\/types\/post"}],"author":[{"embeddable":true,"href":"https:\/\/gobernacionaltaverapaz.gob.gt\/index.php?rest_route=\/wp\/v2\/users\/1"}],"replies":[{"embeddable":true,"href":"https:\/\/gobernacionaltaverapaz.gob.gt\/index.php?rest_route=%2Fwp%2Fv2%2Fcomments&post=15067"}],"version-history":[{"count":1,"href":"https:\/\/gobernacionaltaverapaz.gob.gt\/index.php?rest_route=\/wp\/v2\/posts\/15067\/revisions"}],"predecessor-version":[{"id":15070,"href":"https:\/\/gobernacionaltaverapaz.gob.gt\/index.php?rest_route=\/wp\/v2\/posts\/15067\/revisions\/15070"}],"wp:featuredmedia":[{"embeddable":true,"href":"https:\/\/gobernacionaltaverapaz.gob.gt\/index.php?rest_route=\/wp\/v2\/media\/15068"}],"wp:attachment":[{"href":"https:\/\/gobernacionaltaverapaz.gob.gt\/index.php?rest_route=%2Fwp%2Fv2%2Fmedia&parent=15067"}],"wp:term":[{"taxonomy":"category","embeddable":true,"href":"https:\/\/gobernacionaltaverapaz.gob.gt\/index.php?rest_route=%2Fwp%2Fv2%2Fcategories&post=15067"},{"taxonomy":"post_tag","embeddable":true,"href":"https:\/\/gobernacionaltaverapaz.gob.gt\/index.php?rest_route=%2Fwp%2Fv2%2Ftags&post=15067"}],"curies":[{"name":"wp","href":"https:\/\/api.w.org\/{rel}","templated":true}]}}