{"id":15094,"date":"2023-05-24T19:30:54","date_gmt":"2023-05-25T01:30:54","guid":{"rendered":"https:\/\/gobernacionaltaverapaz.gob.gt\/?p=15094"},"modified":"2023-06-14T12:42:24","modified_gmt":"2023-06-14T18:42:24","slug":"apoyo-del-maga-en-la-entrega-de-semilla-fortificada-2","status":"publish","type":"post","link":"https:\/\/gobernacionaltaverapaz.gob.gt\/?p=15094","title":{"rendered":"Apoyo del MAGA en la entrega de semilla fortificada"},"content":{"rendered":"<p style=\"text-align: justify;\"><span class=\"x193iq5w xeuugli x13faqbe x1vvkbs x1xmvt09 x1lliihq x1s928wv xhkezso x1gmr53x x1cpjm7i x1fgarty x1943h6x xudqn12 x3x7a5m x6prxxf xvq8zen xo1l8bm xzsf02u x1yc453h\" dir=\"auto\">Coordinaci\u00f3n para la apertura del Programa de Prevenci\u00f3n de Violencia Intrafamiliar <a class=\"x1i10hfl xjbqb8w x6umtig x1b1mbwd xaqea5y xav7gou x9f619 x1ypdohk xt0psk2 xe8uvvx xdj266r x11i5rnm xat24cr x1mh8g0r xexx8yu x4uap5 x18d9i69 xkhd6sd x16tdsg8 x1hl2dhg xggy1nq x1a2a7pz xt0b8zv x1qq9wsj xo1l8bm\" tabindex=\"0\" role=\"link\" href=\"https:\/\/www.facebook.com\/hashtag\/propevi?__eep__=6&amp;__cft__[0]=AZX_nMJ5Sfb_kNwfGUOkPxWg_4D7lbPml7H31Seif2I5Kl4gifYj5tQEx8lvwqcIP1BI6hNT-zKzIC_Jz9PUgv12KOwxQlL1eQ8l70pDc7aNyyKOvwZPpL830UYWsHaicJMBWlkiUEf3dgEF5PaaBuFratPeorxAFlklnZeYyyscxVKdmqvti_Jrn8QQ5KeSVzU&amp;__tn__=*NK-R\">#PROPEVI<\/a> el cual funcionar\u00e1 en beneficio de la poblaci\u00f3n de Cob\u00e1n, atendiendo a V\u00edctima y Victimario con atenci\u00f3n Psicol\u00f3gica, Social y Jur\u00eddica. Participantes en la coordinaci\u00f3n: Asociaci\u00f3n de Pensionados y Jubilados de Guatemala, Muni Cob\u00e1n, PROPEVI Guatemala y <a class=\"x1i10hfl xjbqb8w x6umtig x1b1mbwd xaqea5y xav7gou x9f619 x1ypdohk xt0psk2 xe8uvvx xdj266r x11i5rnm xat24cr x1mh8g0r xexx8yu x4uap5 x18d9i69 xkhd6sd x16tdsg8 x1hl2dhg xggy1nq x1a2a7pz xt0b8zv x1qq9wsj xo1l8bm\" tabindex=\"0\" role=\"link\" href=\"https:\/\/www.facebook.com\/UPCVGuatemala?__cft__[0]=AZX_nMJ5Sfb_kNwfGUOkPxWg_4D7lbPml7H31Seif2I5Kl4gifYj5tQEx8lvwqcIP1BI6hNT-zKzIC_Jz9PUgv12KOwxQlL1eQ8l70pDc7aNyyKOvwZPpL830UYWsHaicJMBWlkiUEf3dgEF5PaaBuFratPeorxAFlklnZeYyyscxVKdmqvti_Jrn8QQ5KeSVzU&amp;__tn__=-]K-R\"><span class=\"xt0psk2\">Unidad Para La Prevenci\u00f3n Comunitaria De La Violencia &#8211; UPCV.<\/span><\/a> <\/span><\/p>\n<p>&nbsp;<\/p>\n<p>&nbsp;<\/p>\n<div><\/div>\n","protected":false},"excerpt":{"rendered":"<p>Coordinaci\u00f3n para la apertura del Programa de Prevenci\u00f3n de Violencia Intrafamiliar #PROPEVI el cual funcionar\u00e1 en beneficio de la poblaci\u00f3n de Cob\u00e1n, atendiendo a V\u00edctima y Victimario con atenci\u00f3n Psicol\u00f3gica, Social y Jur\u00eddica. Participantes en la coordinaci\u00f3n: Asociaci\u00f3n de Pensionados y Jubilados de Guatemala, Muni Cob\u00e1n, PROPEVI Guatemala y Unidad Para La Prevenci\u00f3n Comunitaria De [&hellip;]<\/p>\n","protected":false},"author":1,"featured_media":15090,"comment_status":"closed","ping_status":"open","sticky":false,"template":"","format":"video","meta":[],"categories":[183],"tags":[178],"_links":{"self":[{"href":"https:\/\/gobernacionaltaverapaz.gob.gt\/index.php?rest_route=\/wp\/v2\/posts\/15094"}],"collection":[{"href":"https:\/\/gobernacionaltaverapaz.gob.gt\/index.php?rest_route=\/wp\/v2\/posts"}],"about":[{"href":"https:\/\/gobernacionaltaverapaz.gob.gt\/index.php?rest_route=\/wp\/v2\/types\/post"}],"author":[{"embeddable":true,"href":"https:\/\/gobernacionaltaverapaz.gob.gt\/index.php?rest_route=\/wp\/v2\/users\/1"}],"replies":[{"embeddable":true,"href":"https:\/\/gobernacionaltaverapaz.gob.gt\/index.php?rest_route=%2Fwp%2Fv2%2Fcomments&post=15094"}],"version-history":[{"count":2,"href":"https:\/\/gobernacionaltaverapaz.gob.gt\/index.php?rest_route=\/wp\/v2\/posts\/15094\/revisions"}],"predecessor-version":[{"id":15096,"href":"https:\/\/gobernacionaltaverapaz.gob.gt\/index.php?rest_route=\/wp\/v2\/posts\/15094\/revisions\/15096"}],"wp:featuredmedia":[{"embeddable":true,"href":"https:\/\/gobernacionaltaverapaz.gob.gt\/index.php?rest_route=\/wp\/v2\/media\/15090"}],"wp:attachment":[{"href":"https:\/\/gobernacionaltaverapaz.gob.gt\/index.php?rest_route=%2Fwp%2Fv2%2Fmedia&parent=15094"}],"wp:term":[{"taxonomy":"category","embeddable":true,"href":"https:\/\/gobernacionaltaverapaz.gob.gt\/index.php?rest_route=%2Fwp%2Fv2%2Fcategories&post=15094"},{"taxonomy":"post_tag","embeddable":true,"href":"https:\/\/gobernacionaltaverapaz.gob.gt\/index.php?rest_route=%2Fwp%2Fv2%2Ftags&post=15094"}],"curies":[{"name":"wp","href":"https:\/\/api.w.org\/{rel}","templated":true}]}}