{"id":15137,"date":"2023-06-15T11:45:11","date_gmt":"2023-06-15T17:45:11","guid":{"rendered":"https:\/\/gobernacionaltaverapaz.gob.gt\/?p=15137"},"modified":"2026-01-11T22:15:36","modified_gmt":"2026-01-12T04:15:36","slug":"dia-mundial-contra-el-trabajo-infantil","status":"publish","type":"post","link":"https:\/\/gobernacionaltaverapaz.gob.gt\/?p=15137","title":{"rendered":"D\u00eda Mundial Contra El Trabajo Infantil"},"content":{"rendered":"<div class=\"\" dir=\"auto\">\n<div class=\"\" dir=\"auto\">\n<div class=\"x1iorvi4 x1pi30zi x1l90r2v x1swvt13\" data-ad-comet-preview=\"message\" data-ad-preview=\"message\">\n<div class=\"x78zum5 xdt5ytf xz62fqu x16ldp7u\">\n<div class=\"xu06os2 x1ok221b\">\n<div class=\"xdj266r x11i5rnm xat24cr x1mh8g0r x1vvkbs x126k92a\">\n<div dir=\"auto\" style=\"text-align: justify;\">En el marco del <a class=\"x1i10hfl xjbqb8w x6umtig x1b1mbwd xaqea5y xav7gou x9f619 x1ypdohk xt0psk2 xe8uvvx xdj266r x11i5rnm xat24cr x1mh8g0r xexx8yu x4uap5 x18d9i69 xkhd6sd x16tdsg8 x1hl2dhg xggy1nq x1a2a7pz xt0b8zv x1qq9wsj xo1l8bm\" tabindex=\"0\" role=\"link\" href=\"https:\/\/www.facebook.com\/hashtag\/d%C3%ADamundialcontraeltrabajoinfantil?__eep__=6&amp;__cft__[0]=AZXQnfkTsiLO7JvbGHDWFR5L7IKwjJm5RhnZUOcwwd79OZqHt5QS1GciV6omCAHuqwFhys65Nalg-oZk8cxWmzKd4lRld0DmrXUp7xchQ5bhZ8DUNU0PuUP-xepRiko5o1iZX2zDbPEPbmabgL5j8w0W-RCiLbTzzfI10G8mF5shr3D8Ic3TwOdw4ccPrSwIvaa1RjArpyEfCNpd5rTgKxCC&amp;__tn__=*NK-y-R\">#D\u00edaMundialContraElTrabajoInfantil<\/a> el Ministerio de Gobernaci\u00f3n se suma a la campa\u00f1a &#8220;Que lo \u00fanico que trabaje sea su imaginaci\u00f3n&#8221;. No toleremos la explotaci\u00f3n sexual ni el trabajo infantil.<\/div>\n<\/div>\n<div class=\"x11i5rnm xat24cr x1mh8g0r x1vvkbs xtlvy1s x126k92a\">\n<div dir=\"auto\" style=\"text-align: justify;\">\u00a1Denunciemos estos actos y protejamos a nuestros ni\u00f1os y ni\u00f1as!<\/div>\n<div dir=\"auto\"><\/div>\n<\/div>\n<\/div>\n<\/div>\n<\/div>\n<\/div>\n<\/div>\n<p><a href=\"https:\/\/www.facebook.com\/GobernacionAV\/posts\/pfbid02s288neYExgXEgZkWQqX5DBDzSw9XyX31MnwbZzdPYTGrzgt47xebzDGPqXm8P42Vl?__cft__[0]=AZXQnfkTsiLO7JvbGHDWFR5L7IKwjJm5RhnZUOcwwd79OZqHt5QS1GciV6omCAHuqwFhys65Nalg-oZk8cxWmzKd4lRld0DmrXUp7xchQ5bhZ8DUNU0PuUP-xepRiko5o1iZX2zDbPEPbmabgL5j8w0W-RCiLbTzzfI10G8mF5shr3D8Ic3TwOdw4ccPrSwIvaa1RjArpyEfCNpd5rTgKxCC&amp;__tn__=%2CO%2CP-R\"><img decoding=\"async\" loading=\"lazy\" class=\"alignnone wp-image-15138 size-full\" title=\"Ver video en Facebook\" src=\"https:\/\/gobernacionaltaverapaz.gob.gt\/wp-content\/uploads\/2023\/06\/02-17.jpg\" alt=\"\" width=\"900\" height=\"600\" srcset=\"https:\/\/gobernacionaltaverapaz.gob.gt\/wp-content\/uploads\/2023\/06\/02-17.jpg 900w, https:\/\/gobernacionaltaverapaz.gob.gt\/wp-content\/uploads\/2023\/06\/02-17-300x200.jpg 300w, https:\/\/gobernacionaltaverapaz.gob.gt\/wp-content\/uploads\/2023\/06\/02-17-768x512.jpg 768w\" sizes=\"(max-width: 900px) 100vw, 900px\" \/><\/a><\/p>\n","protected":false},"excerpt":{"rendered":"<p>En el marco del #D\u00edaMundialContraElTrabajoInfantil el Ministerio de Gobernaci\u00f3n se suma a la campa\u00f1a &#8220;Que lo \u00fanico que trabaje sea su imaginaci\u00f3n&#8221;. No toleremos la explotaci\u00f3n sexual ni el trabajo infantil. \u00a1Denunciemos estos actos y protejamos a nuestros ni\u00f1os y ni\u00f1as!<\/p>\n","protected":false},"author":1,"featured_media":15140,"comment_status":"closed","ping_status":"open","sticky":false,"template":"","format":"standard","meta":[],"categories":[214,1],"tags":[],"_links":{"self":[{"href":"https:\/\/gobernacionaltaverapaz.gob.gt\/index.php?rest_route=\/wp\/v2\/posts\/15137"}],"collection":[{"href":"https:\/\/gobernacionaltaverapaz.gob.gt\/index.php?rest_route=\/wp\/v2\/posts"}],"about":[{"href":"https:\/\/gobernacionaltaverapaz.gob.gt\/index.php?rest_route=\/wp\/v2\/types\/post"}],"author":[{"embeddable":true,"href":"https:\/\/gobernacionaltaverapaz.gob.gt\/index.php?rest_route=\/wp\/v2\/users\/1"}],"replies":[{"embeddable":true,"href":"https:\/\/gobernacionaltaverapaz.gob.gt\/index.php?rest_route=%2Fwp%2Fv2%2Fcomments&post=15137"}],"version-history":[{"count":1,"href":"https:\/\/gobernacionaltaverapaz.gob.gt\/index.php?rest_route=\/wp\/v2\/posts\/15137\/revisions"}],"predecessor-version":[{"id":15141,"href":"https:\/\/gobernacionaltaverapaz.gob.gt\/index.php?rest_route=\/wp\/v2\/posts\/15137\/revisions\/15141"}],"wp:featuredmedia":[{"embeddable":true,"href":"https:\/\/gobernacionaltaverapaz.gob.gt\/index.php?rest_route=\/wp\/v2\/media\/15140"}],"wp:attachment":[{"href":"https:\/\/gobernacionaltaverapaz.gob.gt\/index.php?rest_route=%2Fwp%2Fv2%2Fmedia&parent=15137"}],"wp:term":[{"taxonomy":"category","embeddable":true,"href":"https:\/\/gobernacionaltaverapaz.gob.gt\/index.php?rest_route=%2Fwp%2Fv2%2Fcategories&post=15137"},{"taxonomy":"post_tag","embeddable":true,"href":"https:\/\/gobernacionaltaverapaz.gob.gt\/index.php?rest_route=%2Fwp%2Fv2%2Ftags&post=15137"}],"curies":[{"name":"wp","href":"https:\/\/api.w.org\/{rel}","templated":true}]}}