{"id":15158,"date":"2023-06-16T13:49:24","date_gmt":"2023-06-16T19:49:24","guid":{"rendered":"https:\/\/gobernacionaltaverapaz.gob.gt\/?p=15158"},"modified":"2023-06-28T15:50:04","modified_gmt":"2023-06-28T21:50:04","slug":"inauguracion-del-paseo-artesanal-y-firma-de-convenios-para-fortalecer-la-economia-de-las-mujeres","status":"publish","type":"post","link":"https:\/\/gobernacionaltaverapaz.gob.gt\/?p=15158","title":{"rendered":"Inauguraci\u00f3n del Paseo Artesanal y firma de convenios para fortalecer la econom\u00eda de las mujeres"},"content":{"rendered":"<p style=\"text-align: justify;\"><span class=\"x193iq5w xeuugli x13faqbe x1vvkbs x1xmvt09 x1lliihq x1s928wv xhkezso x1gmr53x x1cpjm7i x1fgarty x1943h6x xudqn12 x3x7a5m x6prxxf xvq8zen xo1l8bm xzsf02u x1yc453h\" dir=\"auto\"><a class=\"x1i10hfl xjbqb8w x6umtig x1b1mbwd xaqea5y xav7gou x9f619 x1ypdohk xt0psk2 xe8uvvx xdj266r x11i5rnm xat24cr x1mh8g0r xexx8yu x4uap5 x18d9i69 xkhd6sd x16tdsg8 x1hl2dhg xggy1nq x1a2a7pz xt0b8zv x1qq9wsj xo1l8bm\" tabindex=\"0\" role=\"link\" href=\"https:\/\/www.facebook.com\/hashtag\/gesti%C3%B3nminfin?__eep__=6&amp;__cft__[0]=AZV5k0IqMmZ4pq-FOoSEINy3D4ND_R0nZWy1XUK-MhgCzA_WAnMgK8QaE8fv6Sz8kA2619RjPm8fcBPq7GXHaPEgmyylUOg7aFplG_SlBmpgHZFDfLaobtApnD6GsZ5jbaDhd94xOtnf9yuPSUMqBDZArEpEKOsX21JXsqwsaBH2g6XsU9n7SzgaBBOy9GWQuwI3U5U0m1zgA0iRJvdaGSGE&amp;__tn__=*NK-y-R\">#Gesti\u00f3nMinfin<\/a> | El ministro de Finanzas P\u00fablicas, Edwin Mart\u00ednez Cameros, y el viceministro de Administraci\u00f3n Financiera, Jos\u00e9 Hugo Valle, asistieron a la inauguraci\u00f3n del Paseo Artesanal y firma de convenios para fortalecer la econom\u00eda de las mujeres por parte de la<a class=\"x1i10hfl xjbqb8w x6umtig x1b1mbwd xaqea5y xav7gou x9f619 x1ypdohk xt0psk2 xe8uvvx xdj266r x11i5rnm xat24cr x1mh8g0r xexx8yu x4uap5 x18d9i69 xkhd6sd x16tdsg8 x1hl2dhg xggy1nq x1a2a7pz xt0b8zv x1qq9wsj xo1l8bm\" tabindex=\"0\" role=\"link\" href=\"https:\/\/www.facebook.com\/sosepguatemala?__cft__[0]=AZV5k0IqMmZ4pq-FOoSEINy3D4ND_R0nZWy1XUK-MhgCzA_WAnMgK8QaE8fv6Sz8kA2619RjPm8fcBPq7GXHaPEgmyylUOg7aFplG_SlBmpgHZFDfLaobtApnD6GsZ5jbaDhd94xOtnf9yuPSUMqBDZArEpEKOsX21JXsqwsaBH2g6XsU9n7SzgaBBOy9GWQuwI3U5U0m1zgA0iRJvdaGSGE&amp;__tn__=-]K-y-R\"><span class=\"xt0psk2\"> Secretar\u00eda de Obras Sociales de la Esposa del President<\/span><\/a>e.<\/span><\/p>\n<p>&nbsp;<\/p>\n<p>&nbsp;<\/p>\n<p>&nbsp;<\/p>\n<div><\/div>\n","protected":false},"excerpt":{"rendered":"<p>#Gesti\u00f3nMinfin | El ministro de Finanzas P\u00fablicas, Edwin Mart\u00ednez Cameros, y el viceministro de Administraci\u00f3n Financiera, Jos\u00e9 Hugo Valle, asistieron a la inauguraci\u00f3n del Paseo Artesanal y firma de convenios para fortalecer la econom\u00eda de las mujeres por parte de la Secretar\u00eda de Obras Sociales de la Esposa del Presidente. &nbsp; &nbsp; &nbsp;<\/p>\n","protected":false},"author":1,"featured_media":15154,"comment_status":"closed","ping_status":"open","sticky":false,"template":"","format":"gallery","meta":[],"categories":[7],"tags":[178],"_links":{"self":[{"href":"https:\/\/gobernacionaltaverapaz.gob.gt\/index.php?rest_route=\/wp\/v2\/posts\/15158"}],"collection":[{"href":"https:\/\/gobernacionaltaverapaz.gob.gt\/index.php?rest_route=\/wp\/v2\/posts"}],"about":[{"href":"https:\/\/gobernacionaltaverapaz.gob.gt\/index.php?rest_route=\/wp\/v2\/types\/post"}],"author":[{"embeddable":true,"href":"https:\/\/gobernacionaltaverapaz.gob.gt\/index.php?rest_route=\/wp\/v2\/users\/1"}],"replies":[{"embeddable":true,"href":"https:\/\/gobernacionaltaverapaz.gob.gt\/index.php?rest_route=%2Fwp%2Fv2%2Fcomments&post=15158"}],"version-history":[{"count":1,"href":"https:\/\/gobernacionaltaverapaz.gob.gt\/index.php?rest_route=\/wp\/v2\/posts\/15158\/revisions"}],"predecessor-version":[{"id":15159,"href":"https:\/\/gobernacionaltaverapaz.gob.gt\/index.php?rest_route=\/wp\/v2\/posts\/15158\/revisions\/15159"}],"wp:featuredmedia":[{"embeddable":true,"href":"https:\/\/gobernacionaltaverapaz.gob.gt\/index.php?rest_route=\/wp\/v2\/media\/15154"}],"wp:attachment":[{"href":"https:\/\/gobernacionaltaverapaz.gob.gt\/index.php?rest_route=%2Fwp%2Fv2%2Fmedia&parent=15158"}],"wp:term":[{"taxonomy":"category","embeddable":true,"href":"https:\/\/gobernacionaltaverapaz.gob.gt\/index.php?rest_route=%2Fwp%2Fv2%2Fcategories&post=15158"},{"taxonomy":"post_tag","embeddable":true,"href":"https:\/\/gobernacionaltaverapaz.gob.gt\/index.php?rest_route=%2Fwp%2Fv2%2Ftags&post=15158"}],"curies":[{"name":"wp","href":"https:\/\/api.w.org\/{rel}","templated":true}]}}