{"id":15167,"date":"2023-06-16T16:30:55","date_gmt":"2023-06-16T22:30:55","guid":{"rendered":"https:\/\/gobernacionaltaverapaz.gob.gt\/?p=15167"},"modified":"2023-06-28T16:16:56","modified_gmt":"2023-06-28T22:16:56","slug":"mides-guatemala-a-traves-de-la-beca-artesano-continua-generando-oportunidades-de-empleo","status":"publish","type":"post","link":"https:\/\/gobernacionaltaverapaz.gob.gt\/?p=15167","title":{"rendered":"Mides Guatemala a trav\u00e9s de la Beca Artesano contin\u00faa generando oportunidades de empleo"},"content":{"rendered":"<div class=\"\" dir=\"auto\">\n<div class=\"\" dir=\"auto\">\n<div class=\"x1iorvi4 x1pi30zi x1l90r2v x1swvt13\" data-ad-comet-preview=\"message\" data-ad-preview=\"message\">\n<div class=\"x78zum5 xdt5ytf xz62fqu x16ldp7u\">\n<div class=\"xu06os2 x1ok221b\">\n<div class=\"xdj266r x11i5rnm xat24cr x1mh8g0r x1vvkbs x126k92a\">\n<div dir=\"auto\" style=\"text-align: justify;\">El <a class=\"x1i10hfl xjbqb8w x6umtig x1b1mbwd xaqea5y xav7gou x9f619 x1ypdohk xt0psk2 xe8uvvx xdj266r x11i5rnm xat24cr x1mh8g0r xexx8yu x4uap5 x18d9i69 xkhd6sd x16tdsg8 x1hl2dhg xggy1nq x1a2a7pz xt0b8zv x1qq9wsj xo1l8bm\" tabindex=\"0\" role=\"link\" href=\"https:\/\/www.facebook.com\/MidesGuatemala?__cft__[0]=AZW32UZi0GO8dASbvbcE7b3PrFr3hVQhqLpdCtEC8LGLZPgR9bg2N8K7HP04VCHAK3zxW5rLvP7SENE5afCa_MmVwTpwRvuYJZalP5VtKt-tYIlNpqZaLvABwwCcXbeXfdmKkiqJlOw0xTLGGilWA1YS5KIieD8jsI6sKFZ8gdgNoqqXonRkYcTOFfrJJCzALnZ8oHoCwXrxjYHdwuQUhNPy&amp;__tn__=-]K-y-R\"><span class=\"xt0psk2\">Mides Guatemala<\/span><\/a>, a trav\u00e9s de la <a class=\"x1i10hfl xjbqb8w x6umtig x1b1mbwd xaqea5y xav7gou x9f619 x1ypdohk xt0psk2 xe8uvvx xdj266r x11i5rnm xat24cr x1mh8g0r xexx8yu x4uap5 x18d9i69 xkhd6sd x16tdsg8 x1hl2dhg xggy1nq x1a2a7pz xt0b8zv x1qq9wsj xo1l8bm\" tabindex=\"0\" role=\"link\" href=\"https:\/\/www.facebook.com\/hashtag\/becaartesano?__eep__=6&amp;__cft__[0]=AZW32UZi0GO8dASbvbcE7b3PrFr3hVQhqLpdCtEC8LGLZPgR9bg2N8K7HP04VCHAK3zxW5rLvP7SENE5afCa_MmVwTpwRvuYJZalP5VtKt-tYIlNpqZaLvABwwCcXbeXfdmKkiqJlOw0xTLGGilWA1YS5KIieD8jsI6sKFZ8gdgNoqqXonRkYcTOFfrJJCzALnZ8oHoCwXrxjYHdwuQUhNPy&amp;__tn__=*NK-y-R\">#BecaArtesano<\/a>, contin\u00faa generando oportunidades de empleo digno e impulsando el crecimiento econ\u00f3mico de los guatemaltecos.<\/div>\n<\/div>\n<div class=\"x11i5rnm xat24cr x1mh8g0r x1vvkbs xtlvy1s x126k92a\">\n<div dir=\"auto\" style=\"text-align: justify;\">Conoce la historia de Vilma de Le\u00f3n.<a class=\"x1i10hfl xjbqb8w x6umtig x1b1mbwd xaqea5y xav7gou x9f619 x1ypdohk xt0psk2 xe8uvvx xdj266r x11i5rnm xat24cr x1mh8g0r xexx8yu x4uap5 x18d9i69 xkhd6sd x16tdsg8 x1hl2dhg xggy1nq x1a2a7pz xt0b8zv x1qq9wsj xo1l8bm\" tabindex=\"0\" role=\"link\" href=\"https:\/\/www.facebook.com\/hashtag\/protagonistasdenuestrotiempo?__eep__=6&amp;__cft__[0]=AZW32UZi0GO8dASbvbcE7b3PrFr3hVQhqLpdCtEC8LGLZPgR9bg2N8K7HP04VCHAK3zxW5rLvP7SENE5afCa_MmVwTpwRvuYJZalP5VtKt-tYIlNpqZaLvABwwCcXbeXfdmKkiqJlOw0xTLGGilWA1YS5KIieD8jsI6sKFZ8gdgNoqqXonRkYcTOFfrJJCzALnZ8oHoCwXrxjYHdwuQUhNPy&amp;__tn__=*NK-y-R\"> #ProtagonistasDeNuestroTiemp<\/a>o<\/div>\n<\/div>\n<\/div>\n<\/div>\n<\/div>\n<\/div>\n<\/div>\n<p>&nbsp;<\/p>\n<p><a href=\"https:\/\/www.facebook.com\/GobernacionAV\/posts\/pfbid02ratwMqCJWS9swBWgUWf2KgHRXerpaHaerAdxWbKc97Z3jZ6CGUenjqfi5efuwCQsl?__cft__[0]=AZW32UZi0GO8dASbvbcE7b3PrFr3hVQhqLpdCtEC8LGLZPgR9bg2N8K7HP04VCHAK3zxW5rLvP7SENE5afCa_MmVwTpwRvuYJZalP5VtKt-tYIlNpqZaLvABwwCcXbeXfdmKkiqJlOw0xTLGGilWA1YS5KIieD8jsI6sKFZ8gdgNoqqXonRkYcTOFfrJJCzALnZ8oHoCwXrxjYHdwuQUhNPy&amp;__tn__=%2CO%2CP-R\"><img decoding=\"async\" loading=\"lazy\" class=\"alignnone wp-image-15168 size-full\" title=\"Ver video en Facebook\" src=\"https:\/\/gobernacionaltaverapaz.gob.gt\/wp-content\/uploads\/2023\/06\/01-32.jpg\" alt=\"\" width=\"900\" height=\"600\" srcset=\"https:\/\/gobernacionaltaverapaz.gob.gt\/wp-content\/uploads\/2023\/06\/01-32.jpg 900w, https:\/\/gobernacionaltaverapaz.gob.gt\/wp-content\/uploads\/2023\/06\/01-32-300x200.jpg 300w, https:\/\/gobernacionaltaverapaz.gob.gt\/wp-content\/uploads\/2023\/06\/01-32-768x512.jpg 768w\" sizes=\"(max-width: 900px) 100vw, 900px\" \/><\/a><\/p>\n","protected":false},"excerpt":{"rendered":"<p>El Mides Guatemala, a trav\u00e9s de la #BecaArtesano, contin\u00faa generando oportunidades de empleo digno e impulsando el crecimiento econ\u00f3mico de los guatemaltecos. Conoce la historia de Vilma de Le\u00f3n. #ProtagonistasDeNuestroTiempo &nbsp;<\/p>\n","protected":false},"author":1,"featured_media":15169,"comment_status":"closed","ping_status":"open","sticky":false,"template":"","format":"video","meta":[],"categories":[7],"tags":[178],"_links":{"self":[{"href":"https:\/\/gobernacionaltaverapaz.gob.gt\/index.php?rest_route=\/wp\/v2\/posts\/15167"}],"collection":[{"href":"https:\/\/gobernacionaltaverapaz.gob.gt\/index.php?rest_route=\/wp\/v2\/posts"}],"about":[{"href":"https:\/\/gobernacionaltaverapaz.gob.gt\/index.php?rest_route=\/wp\/v2\/types\/post"}],"author":[{"embeddable":true,"href":"https:\/\/gobernacionaltaverapaz.gob.gt\/index.php?rest_route=\/wp\/v2\/users\/1"}],"replies":[{"embeddable":true,"href":"https:\/\/gobernacionaltaverapaz.gob.gt\/index.php?rest_route=%2Fwp%2Fv2%2Fcomments&post=15167"}],"version-history":[{"count":1,"href":"https:\/\/gobernacionaltaverapaz.gob.gt\/index.php?rest_route=\/wp\/v2\/posts\/15167\/revisions"}],"predecessor-version":[{"id":15170,"href":"https:\/\/gobernacionaltaverapaz.gob.gt\/index.php?rest_route=\/wp\/v2\/posts\/15167\/revisions\/15170"}],"wp:featuredmedia":[{"embeddable":true,"href":"https:\/\/gobernacionaltaverapaz.gob.gt\/index.php?rest_route=\/wp\/v2\/media\/15169"}],"wp:attachment":[{"href":"https:\/\/gobernacionaltaverapaz.gob.gt\/index.php?rest_route=%2Fwp%2Fv2%2Fmedia&parent=15167"}],"wp:term":[{"taxonomy":"category","embeddable":true,"href":"https:\/\/gobernacionaltaverapaz.gob.gt\/index.php?rest_route=%2Fwp%2Fv2%2Fcategories&post=15167"},{"taxonomy":"post_tag","embeddable":true,"href":"https:\/\/gobernacionaltaverapaz.gob.gt\/index.php?rest_route=%2Fwp%2Fv2%2Ftags&post=15167"}],"curies":[{"name":"wp","href":"https:\/\/api.w.org\/{rel}","templated":true}]}}