{"id":15192,"date":"2023-06-20T15:03:14","date_gmt":"2023-06-20T21:03:14","guid":{"rendered":"https:\/\/gobernacionaltaverapaz.gob.gt\/?p=15192"},"modified":"2023-07-25T16:42:11","modified_gmt":"2023-07-25T22:42:11","slug":"reunion-dirigida-por-la-sra-gobernadora-de-alta-verapaz-con-integrantes-de-la-mesa-tecnica-de-seguridad-electoral","status":"publish","type":"post","link":"https:\/\/gobernacionaltaverapaz.gob.gt\/?p=15192","title":{"rendered":"Reuni\u00f3n dirigida por la Sra. Gobernadora de Alta Verapaz con integrantes de la Mesa T\u00e9cnica"},"content":{"rendered":"<p style=\"text-align: justify;\"><span class=\"x193iq5w xeuugli x13faqbe x1vvkbs x1xmvt09 x1lliihq x1s928wv xhkezso x1gmr53x x1cpjm7i x1fgarty x1943h6x xudqn12 x3x7a5m x6prxxf xvq8zen xo1l8bm xzsf02u x1yc453h\" dir=\"auto\">En el Sal\u00f3n de las Am\u00e9ricas del Palacio de Gobernaci\u00f3n Departamental, se desarrolla reuni\u00f3n dirigida por la Sra. Gobernadora de Alta Verapaz, con integrantes de la Mesa T\u00e9cnica de Seguridad Electoral, con el objetivo de afinar detalles previo a las elecciones generales 2023.<\/span><\/p>\n<p>&nbsp;<\/p>\n<div><\/div>\n","protected":false},"excerpt":{"rendered":"<p>En el Sal\u00f3n de las Am\u00e9ricas del Palacio de Gobernaci\u00f3n Departamental, se desarrolla reuni\u00f3n dirigida por la Sra. Gobernadora de Alta Verapaz, con integrantes de la Mesa T\u00e9cnica de Seguridad Electoral, con el objetivo de afinar detalles previo a las elecciones generales 2023. &nbsp;<\/p>\n","protected":false},"author":1,"featured_media":15188,"comment_status":"closed","ping_status":"open","sticky":false,"template":"","format":"gallery","meta":[],"categories":[194],"tags":[178],"_links":{"self":[{"href":"https:\/\/gobernacionaltaverapaz.gob.gt\/index.php?rest_route=\/wp\/v2\/posts\/15192"}],"collection":[{"href":"https:\/\/gobernacionaltaverapaz.gob.gt\/index.php?rest_route=\/wp\/v2\/posts"}],"about":[{"href":"https:\/\/gobernacionaltaverapaz.gob.gt\/index.php?rest_route=\/wp\/v2\/types\/post"}],"author":[{"embeddable":true,"href":"https:\/\/gobernacionaltaverapaz.gob.gt\/index.php?rest_route=\/wp\/v2\/users\/1"}],"replies":[{"embeddable":true,"href":"https:\/\/gobernacionaltaverapaz.gob.gt\/index.php?rest_route=%2Fwp%2Fv2%2Fcomments&post=15192"}],"version-history":[{"count":4,"href":"https:\/\/gobernacionaltaverapaz.gob.gt\/index.php?rest_route=\/wp\/v2\/posts\/15192\/revisions"}],"predecessor-version":[{"id":15196,"href":"https:\/\/gobernacionaltaverapaz.gob.gt\/index.php?rest_route=\/wp\/v2\/posts\/15192\/revisions\/15196"}],"wp:featuredmedia":[{"embeddable":true,"href":"https:\/\/gobernacionaltaverapaz.gob.gt\/index.php?rest_route=\/wp\/v2\/media\/15188"}],"wp:attachment":[{"href":"https:\/\/gobernacionaltaverapaz.gob.gt\/index.php?rest_route=%2Fwp%2Fv2%2Fmedia&parent=15192"}],"wp:term":[{"taxonomy":"category","embeddable":true,"href":"https:\/\/gobernacionaltaverapaz.gob.gt\/index.php?rest_route=%2Fwp%2Fv2%2Fcategories&post=15192"},{"taxonomy":"post_tag","embeddable":true,"href":"https:\/\/gobernacionaltaverapaz.gob.gt\/index.php?rest_route=%2Fwp%2Fv2%2Ftags&post=15192"}],"curies":[{"name":"wp","href":"https:\/\/api.w.org\/{rel}","templated":true}]}}