{"id":15197,"date":"2023-06-20T19:33:37","date_gmt":"2023-06-21T01:33:37","guid":{"rendered":"https:\/\/gobernacionaltaverapaz.gob.gt\/?p=15197"},"modified":"2023-07-25T16:52:19","modified_gmt":"2023-07-25T22:52:19","slug":"programa-de-educacion-extraescolar","status":"publish","type":"post","link":"https:\/\/gobernacionaltaverapaz.gob.gt\/?p=15197","title":{"rendered":"Programa de Educaci\u00f3n Extraescolar"},"content":{"rendered":"<div class=\"xdj266r x11i5rnm xat24cr x1mh8g0r x1vvkbs x126k92a\">\n<div dir=\"auto\" style=\"text-align: justify;\">El Programa de Educaci\u00f3n Extraescolar del <a class=\"x1i10hfl xjbqb8w x6umtig x1b1mbwd xaqea5y xav7gou x9f619 x1ypdohk xt0psk2 xe8uvvx xdj266r x11i5rnm xat24cr x1mh8g0r xexx8yu x4uap5 x18d9i69 xkhd6sd x16tdsg8 x1hl2dhg xggy1nq x1a2a7pz xt0b8zv x1qq9wsj xo1l8bm\" tabindex=\"0\" role=\"link\" href=\"https:\/\/www.facebook.com\/MineducGuate?__cft__[0]=AZWyPxXcRE1-QaQO_hNroaP8_5umrvZ3fZi1LnvGuOFVOqRedAalSqSwLq1EoWhUEaIPBGZfL9lg_ruKbw6QNtaeXV9zHf5dFmOg-JQabiM641YnSNQ1B0DRwPxomqvRvexT1G4GVRua6z67nO5TmsSUni_vxGvAiCgIoEoGZc02oYImMODr9R4ZkYXU2xSc_osVGOtXMzIHGGzzmMj5LqaV&amp;__tn__=-]K-y-R\"><span class=\"xt0psk2\">Ministerio de Educaci\u00f3n de Guatemala (P\u00e1gina Oficial)<\/span><\/a> brinda una oportunidad a los guatemaltecos de continuar con sus estudios.<\/div>\n<\/div>\n<div class=\"x11i5rnm xat24cr x1mh8g0r x1vvkbs xtlvy1s x126k92a\">\n<div dir=\"auto\" style=\"text-align: justify;\">Conoce la historia Suly Argueta, una de las<\/div>\n<\/div>\n<p>&nbsp;<\/p>\n<p><a href=\"https:\/\/www.facebook.com\/GobernacionAV\/posts\/pfbid02VieMM6cQhcs1NxMP9GTRpozQkYpWaThZXHfAJcNt4N82Y42FccDZJmv1Zx8rnVsgl?__cft__[0]=AZWyPxXcRE1-QaQO_hNroaP8_5umrvZ3fZi1LnvGuOFVOqRedAalSqSwLq1EoWhUEaIPBGZfL9lg_ruKbw6QNtaeXV9zHf5dFmOg-JQabiM641YnSNQ1B0DRwPxomqvRvexT1G4GVRua6z67nO5TmsSUni_vxGvAiCgIoEoGZc02oYImMODr9R4ZkYXU2xSc_osVGOtXMzIHGGzzmMj5LqaV&amp;__tn__=%2CO%2CP-R\"><img decoding=\"async\" loading=\"lazy\" class=\"alignnone wp-image-15198 size-full\" title=\"Ver video en Facebook\" src=\"https:\/\/gobernacionaltaverapaz.gob.gt\/wp-content\/uploads\/2023\/07\/0.jpg\" alt=\"\" width=\"900\" height=\"600\" srcset=\"https:\/\/gobernacionaltaverapaz.gob.gt\/wp-content\/uploads\/2023\/07\/0.jpg 900w, https:\/\/gobernacionaltaverapaz.gob.gt\/wp-content\/uploads\/2023\/07\/0-300x200.jpg 300w, https:\/\/gobernacionaltaverapaz.gob.gt\/wp-content\/uploads\/2023\/07\/0-768x512.jpg 768w\" sizes=\"(max-width: 900px) 100vw, 900px\" \/><\/a><\/p>\n","protected":false},"excerpt":{"rendered":"<p>El Programa de Educaci\u00f3n Extraescolar del Ministerio de Educaci\u00f3n de Guatemala (P\u00e1gina Oficial) brinda una oportunidad a los guatemaltecos de continuar con sus estudios. Conoce la historia Suly Argueta, una de las &nbsp;<\/p>\n","protected":false},"author":1,"featured_media":15199,"comment_status":"closed","ping_status":"open","sticky":false,"template":"","format":"video","meta":[],"categories":[191],"tags":[178],"_links":{"self":[{"href":"https:\/\/gobernacionaltaverapaz.gob.gt\/index.php?rest_route=\/wp\/v2\/posts\/15197"}],"collection":[{"href":"https:\/\/gobernacionaltaverapaz.gob.gt\/index.php?rest_route=\/wp\/v2\/posts"}],"about":[{"href":"https:\/\/gobernacionaltaverapaz.gob.gt\/index.php?rest_route=\/wp\/v2\/types\/post"}],"author":[{"embeddable":true,"href":"https:\/\/gobernacionaltaverapaz.gob.gt\/index.php?rest_route=\/wp\/v2\/users\/1"}],"replies":[{"embeddable":true,"href":"https:\/\/gobernacionaltaverapaz.gob.gt\/index.php?rest_route=%2Fwp%2Fv2%2Fcomments&post=15197"}],"version-history":[{"count":1,"href":"https:\/\/gobernacionaltaverapaz.gob.gt\/index.php?rest_route=\/wp\/v2\/posts\/15197\/revisions"}],"predecessor-version":[{"id":15200,"href":"https:\/\/gobernacionaltaverapaz.gob.gt\/index.php?rest_route=\/wp\/v2\/posts\/15197\/revisions\/15200"}],"wp:featuredmedia":[{"embeddable":true,"href":"https:\/\/gobernacionaltaverapaz.gob.gt\/index.php?rest_route=\/wp\/v2\/media\/15199"}],"wp:attachment":[{"href":"https:\/\/gobernacionaltaverapaz.gob.gt\/index.php?rest_route=%2Fwp%2Fv2%2Fmedia&parent=15197"}],"wp:term":[{"taxonomy":"category","embeddable":true,"href":"https:\/\/gobernacionaltaverapaz.gob.gt\/index.php?rest_route=%2Fwp%2Fv2%2Fcategories&post=15197"},{"taxonomy":"post_tag","embeddable":true,"href":"https:\/\/gobernacionaltaverapaz.gob.gt\/index.php?rest_route=%2Fwp%2Fv2%2Ftags&post=15197"}],"curies":[{"name":"wp","href":"https:\/\/api.w.org\/{rel}","templated":true}]}}