{"id":15209,"date":"2023-06-21T10:11:38","date_gmt":"2023-06-21T16:11:38","guid":{"rendered":"https:\/\/gobernacionaltaverapaz.gob.gt\/?p=15209"},"modified":"2023-07-26T09:47:33","modified_gmt":"2023-07-26T15:47:33","slug":"reunion-con-delegados-de-la-unidad-para-la-prevencion-comunitaria-de-la-violencia-2","status":"publish","type":"post","link":"https:\/\/gobernacionaltaverapaz.gob.gt\/?p=15209","title":{"rendered":"Reuni\u00f3n con delegados de la Unidad Para La Prevenci\u00f3n Comunitaria De La Violencia"},"content":{"rendered":"<div class=\"xdj266r x11i5rnm xat24cr x1mh8g0r x1vvkbs x126k92a\">\n<div dir=\"auto\" style=\"text-align: justify;\">La Sra. Gobernadora Departamental de <a class=\"x1i10hfl xjbqb8w x6umtig x1b1mbwd xaqea5y xav7gou x9f619 x1ypdohk xt0psk2 xe8uvvx xdj266r x11i5rnm xat24cr x1mh8g0r xexx8yu x4uap5 x18d9i69 xkhd6sd x16tdsg8 x1hl2dhg xggy1nq x1a2a7pz xt0b8zv x1qq9wsj xo1l8bm\" tabindex=\"0\" role=\"link\" href=\"https:\/\/www.facebook.com\/hashtag\/altaverapaz?__eep__=6&amp;__cft__[0]=AZUBI8a_RzZGKtYbVYCqaTWe5ubtz0vgf3-Lq8qEslnnSARZwUM6XM85elaF6g_cvR80D_aNiSbrcS_twUG_qplOagUEY6Pa6LVRNVJ6HChiN6lvC7En3FRa85X6oXcgFBuy-KBFaYANd8eAby_0T6iSOX4I7Hsfr9mKDa0FicB458-kjv9ky48ArekRu31nUX0&amp;__tn__=*NK-R\">#AltaVerapaz<\/a>, desarrolla reunion con delegados de la <a class=\"x1i10hfl xjbqb8w x6umtig x1b1mbwd xaqea5y xav7gou x9f619 x1ypdohk xt0psk2 xe8uvvx xdj266r x11i5rnm xat24cr x1mh8g0r xexx8yu x4uap5 x18d9i69 xkhd6sd x16tdsg8 x1hl2dhg xggy1nq x1a2a7pz xt0b8zv x1qq9wsj xo1l8bm\" tabindex=\"0\" role=\"link\" href=\"https:\/\/www.facebook.com\/UPCVGuatemala?__cft__[0]=AZUBI8a_RzZGKtYbVYCqaTWe5ubtz0vgf3-Lq8qEslnnSARZwUM6XM85elaF6g_cvR80D_aNiSbrcS_twUG_qplOagUEY6Pa6LVRNVJ6HChiN6lvC7En3FRa85X6oXcgFBuy-KBFaYANd8eAby_0T6iSOX4I7Hsfr9mKDa0FicB458-kjv9ky48ArekRu31nUX0&amp;__tn__=-]K-R\"><span class=\"xt0psk2\">Unidad Para La Prevenci\u00f3n Comunitaria De La Violencia &#8211; UPCV.<\/span><\/a> A trav\u00e9s de la Secci\u00f3n de Escuelas Seguras.<\/div>\n<\/div>\n<div class=\"x11i5rnm xat24cr x1mh8g0r x1vvkbs xtlvy1s x126k92a\">\n<div dir=\"auto\" style=\"text-align: justify;\">Acercamiento que permite identificar las necesidades en los centros educativos y coordinar el trabajo interinstitucional para promover acciones que permitan la seguridad y prevenci\u00f3n de la violencia en los centros educativos.<\/div>\n<\/div>\n<p>&nbsp;<\/p>\n<div><\/div>\n<p>&nbsp;<\/p>\n<p>&nbsp;<\/p>\n","protected":false},"excerpt":{"rendered":"<p>La Sra. Gobernadora Departamental de #AltaVerapaz, desarrolla reunion con delegados de la Unidad Para La Prevenci\u00f3n Comunitaria De La Violencia &#8211; UPCV. A trav\u00e9s de la Secci\u00f3n de Escuelas Seguras. Acercamiento que permite identificar las necesidades en los centros educativos y coordinar el trabajo interinstitucional para promover acciones que permitan la seguridad y prevenci\u00f3n de [&hellip;]<\/p>\n","protected":false},"author":1,"featured_media":15201,"comment_status":"closed","ping_status":"open","sticky":false,"template":"","format":"gallery","meta":[],"categories":[194],"tags":[178],"_links":{"self":[{"href":"https:\/\/gobernacionaltaverapaz.gob.gt\/index.php?rest_route=\/wp\/v2\/posts\/15209"}],"collection":[{"href":"https:\/\/gobernacionaltaverapaz.gob.gt\/index.php?rest_route=\/wp\/v2\/posts"}],"about":[{"href":"https:\/\/gobernacionaltaverapaz.gob.gt\/index.php?rest_route=\/wp\/v2\/types\/post"}],"author":[{"embeddable":true,"href":"https:\/\/gobernacionaltaverapaz.gob.gt\/index.php?rest_route=\/wp\/v2\/users\/1"}],"replies":[{"embeddable":true,"href":"https:\/\/gobernacionaltaverapaz.gob.gt\/index.php?rest_route=%2Fwp%2Fv2%2Fcomments&post=15209"}],"version-history":[{"count":2,"href":"https:\/\/gobernacionaltaverapaz.gob.gt\/index.php?rest_route=\/wp\/v2\/posts\/15209\/revisions"}],"predecessor-version":[{"id":15211,"href":"https:\/\/gobernacionaltaverapaz.gob.gt\/index.php?rest_route=\/wp\/v2\/posts\/15209\/revisions\/15211"}],"wp:featuredmedia":[{"embeddable":true,"href":"https:\/\/gobernacionaltaverapaz.gob.gt\/index.php?rest_route=\/wp\/v2\/media\/15201"}],"wp:attachment":[{"href":"https:\/\/gobernacionaltaverapaz.gob.gt\/index.php?rest_route=%2Fwp%2Fv2%2Fmedia&parent=15209"}],"wp:term":[{"taxonomy":"category","embeddable":true,"href":"https:\/\/gobernacionaltaverapaz.gob.gt\/index.php?rest_route=%2Fwp%2Fv2%2Fcategories&post=15209"},{"taxonomy":"post_tag","embeddable":true,"href":"https:\/\/gobernacionaltaverapaz.gob.gt\/index.php?rest_route=%2Fwp%2Fv2%2Ftags&post=15209"}],"curies":[{"name":"wp","href":"https:\/\/api.w.org\/{rel}","templated":true}]}}