{"id":15272,"date":"2023-06-22T16:00:12","date_gmt":"2023-06-22T22:00:12","guid":{"rendered":"https:\/\/gobernacionaltaverapaz.gob.gt\/?p=15272"},"modified":"2023-07-27T08:47:32","modified_gmt":"2023-07-27T14:47:32","slug":"mejoramiento-de-carretera-ruta-nacional-7w-tramo-entre-san-cristobal-verapaz-y-chicaman","status":"publish","type":"post","link":"https:\/\/gobernacionaltaverapaz.gob.gt\/?p=15272","title":{"rendered":"Mejoramiento de carretera Ruta Nacional 7W tramo entre San Crist\u00f3bal Verapaz y Chicam\u00e1n"},"content":{"rendered":"<p style=\"text-align: justify;\"><a href=\"https:\/\/www.facebook.com\/hashtag\/quich%C3%A9?__eep__=6&amp;__cft__[0]=AZWQ1WcMRJxRMhCZE_0fuOPw75T5jeI2oRE1z-xshaMKOK3306gcoRX6YVTHHL92ZioPb00uddUUP9697KkafbW7vIazhh3dXJp0TtEPuyJz_Fzvr2KNz-1J8Av785MPwl0DB6G1X_lJdWOSMUpprPBR9yJQjdvyYQafQm2KqQNZBGIxYiOqkCv_LAJe3f4pzL1H_Nj5pHr4hiq2XetaziV9&amp;__tn__=*NK-y-R\" target=\"_blank\" rel=\"noopener\">#QUICH\u00c9<\/a> \u00a1El tramo entre San Crist\u00f3bal Verapaz y Chicam\u00e1n, es una realidad!<\/p>\n<p style=\"text-align: justify;\">El Mejoramiento de la carretera Ruta Nacional 7W, beneficia a miles de usuarios que transitan por esta v\u00eda que conecta a <a href=\"https:\/\/www.facebook.com\/hashtag\/altaverapaz?__eep__=6&amp;__cft__[0]=AZWQ1WcMRJxRMhCZE_0fuOPw75T5jeI2oRE1z-xshaMKOK3306gcoRX6YVTHHL92ZioPb00uddUUP9697KkafbW7vIazhh3dXJp0TtEPuyJz_Fzvr2KNz-1J8Av785MPwl0DB6G1X_lJdWOSMUpprPBR9yJQjdvyYQafQm2KqQNZBGIxYiOqkCv_LAJe3f4pzL1H_Nj5pHr4hiq2XetaziV9&amp;__tn__=*NK-y-R\" target=\"_blank\" rel=\"noopener\">#AltaVerapaz<\/a> con <a href=\"https:\/\/www.facebook.com\/hashtag\/quich%C3%A9?__eep__=6&amp;__cft__[0]=AZWQ1WcMRJxRMhCZE_0fuOPw75T5jeI2oRE1z-xshaMKOK3306gcoRX6YVTHHL92ZioPb00uddUUP9697KkafbW7vIazhh3dXJp0TtEPuyJz_Fzvr2KNz-1J8Av785MPwl0DB6G1X_lJdWOSMUpprPBR9yJQjdvyYQafQm2KqQNZBGIxYiOqkCv_LAJe3f4pzL1H_Nj5pHr4hiq2XetaziV9&amp;__tn__=*NK-y-R\" target=\"_blank\" rel=\"noopener\">#QUICH\u00c9<\/a>.<\/p>\n<p style=\"text-align: justify;\">El presidente <a href=\"https:\/\/www.facebook.com\/AlejandroGiammattei?__cft__[0]=AZWQ1WcMRJxRMhCZE_0fuOPw75T5jeI2oRE1z-xshaMKOK3306gcoRX6YVTHHL92ZioPb00uddUUP9697KkafbW7vIazhh3dXJp0TtEPuyJz_Fzvr2KNz-1J8Av785MPwl0DB6G1X_lJdWOSMUpprPBR9yJQjdvyYQafQm2KqQNZBGIxYiOqkCv_LAJe3f4pzL1H_Nj5pHr4hiq2XetaziV9&amp;__tn__=-]K-y-R\" target=\"_blank\" rel=\"noopener\">Alejandro Giammattei<\/a> supervis\u00f3 los trabajos realizados y reiter\u00f3 su compromiso de recuperar la red vial del pa\u00eds.<\/p>\n<div><\/div>\n","protected":false},"excerpt":{"rendered":"<p>#QUICH\u00c9 \u00a1El tramo entre San Crist\u00f3bal Verapaz y Chicam\u00e1n, es una realidad! El Mejoramiento de la carretera Ruta Nacional 7W, beneficia a miles de usuarios que transitan por esta v\u00eda que conecta a #AltaVerapaz con #QUICH\u00c9. El presidente Alejandro Giammattei supervis\u00f3 los trabajos realizados y reiter\u00f3 su compromiso de recuperar la red vial del pa\u00eds.<\/p>\n","protected":false},"author":1,"featured_media":15273,"comment_status":"closed","ping_status":"open","sticky":false,"template":"","format":"gallery","meta":[],"categories":[4],"tags":[178],"_links":{"self":[{"href":"https:\/\/gobernacionaltaverapaz.gob.gt\/index.php?rest_route=\/wp\/v2\/posts\/15272"}],"collection":[{"href":"https:\/\/gobernacionaltaverapaz.gob.gt\/index.php?rest_route=\/wp\/v2\/posts"}],"about":[{"href":"https:\/\/gobernacionaltaverapaz.gob.gt\/index.php?rest_route=\/wp\/v2\/types\/post"}],"author":[{"embeddable":true,"href":"https:\/\/gobernacionaltaverapaz.gob.gt\/index.php?rest_route=\/wp\/v2\/users\/1"}],"replies":[{"embeddable":true,"href":"https:\/\/gobernacionaltaverapaz.gob.gt\/index.php?rest_route=%2Fwp%2Fv2%2Fcomments&post=15272"}],"version-history":[{"count":2,"href":"https:\/\/gobernacionaltaverapaz.gob.gt\/index.php?rest_route=\/wp\/v2\/posts\/15272\/revisions"}],"predecessor-version":[{"id":15279,"href":"https:\/\/gobernacionaltaverapaz.gob.gt\/index.php?rest_route=\/wp\/v2\/posts\/15272\/revisions\/15279"}],"wp:featuredmedia":[{"embeddable":true,"href":"https:\/\/gobernacionaltaverapaz.gob.gt\/index.php?rest_route=\/wp\/v2\/media\/15273"}],"wp:attachment":[{"href":"https:\/\/gobernacionaltaverapaz.gob.gt\/index.php?rest_route=%2Fwp%2Fv2%2Fmedia&parent=15272"}],"wp:term":[{"taxonomy":"category","embeddable":true,"href":"https:\/\/gobernacionaltaverapaz.gob.gt\/index.php?rest_route=%2Fwp%2Fv2%2Fcategories&post=15272"},{"taxonomy":"post_tag","embeddable":true,"href":"https:\/\/gobernacionaltaverapaz.gob.gt\/index.php?rest_route=%2Fwp%2Fv2%2Ftags&post=15272"}],"curies":[{"name":"wp","href":"https:\/\/api.w.org\/{rel}","templated":true}]}}