{"id":15280,"date":"2023-06-22T19:15:37","date_gmt":"2023-06-23T01:15:37","guid":{"rendered":"https:\/\/gobernacionaltaverapaz.gob.gt\/?p=15280"},"modified":"2023-07-27T09:07:19","modified_gmt":"2023-07-27T15:07:19","slug":"personal-de-los-20-distritos-municipales-de-salud-de-quiche-reciben-capacitacion","status":"publish","type":"post","link":"https:\/\/gobernacionaltaverapaz.gob.gt\/?p=15280","title":{"rendered":"20 Distritos Municipales de Salud de Quich\u00e9 reciben capacitaci\u00f3n"},"content":{"rendered":"<p style=\"text-align: justify;\"><a href=\"https:\/\/www.facebook.com\/hashtag\/brevesmspas?__eep__=6&amp;__cft__[0]=AZWanRiOwXToaU9XhBF3GPOCj-ZMYaf3E7VilV9x95yvpOvpyrNn1ZcVDURe6SjZJX77rMLza6AL_Mr0vAd1xI9ds2PBF5afLo8rUf4etqi-TiNFP-_CquM0Bct9Uktv0jtyThcjdbEn1gGsGo5_KcWHHBk7_C-Q4f8h9aGZVkGsq3iOoeUGzIaXahEd9lZYXzu4loKbOM-2KaSSiFEM6JcK&amp;__tn__=*NK-y-R\" target=\"_blank\" rel=\"noopener\">#BrevesMSPAS<\/a> | Personal de los 20 Distritos Municipales de Salud de Quich\u00e9 reciben capacitaci\u00f3n como parte de la implementaci\u00f3n de la Estrategia de Comunicaci\u00f3n Educativa en Salud que se promueve por la Direcci\u00f3n de Promoci\u00f3n y Educaci\u00f3n en Salud del <strong>MSPAS<\/strong>, con el apoyo t\u00e9cnico del Proyecto Crecer Sano.<\/p>\n<p><a href=\"https:\/\/www.facebook.com\/MinisteriodeSaludPublicayAsistenciaSocial\/videos\/186599167699881\/\" target=\"_blank\" rel=\"noopener\"><img decoding=\"async\" loading=\"lazy\" class=\"alignnone size-full wp-image-15282\" src=\"https:\/\/gobernacionaltaverapaz.gob.gt\/wp-content\/uploads\/2023\/07\/002-1.jpg\" alt=\"\" width=\"900\" height=\"600\" srcset=\"https:\/\/gobernacionaltaverapaz.gob.gt\/wp-content\/uploads\/2023\/07\/002-1.jpg 900w, https:\/\/gobernacionaltaverapaz.gob.gt\/wp-content\/uploads\/2023\/07\/002-1-300x200.jpg 300w, https:\/\/gobernacionaltaverapaz.gob.gt\/wp-content\/uploads\/2023\/07\/002-1-768x512.jpg 768w\" sizes=\"(max-width: 900px) 100vw, 900px\" \/><\/a><\/p>\n<p style=\"text-align: center;\"><strong>\u00a1Crecer Sano una ventana de oportunidad!<\/strong><\/p>\n","protected":false},"excerpt":{"rendered":"<p>Capacitaci\u00f3n como parte de la implementaci\u00f3n de la Estrategia de Comunicaci\u00f3n Educativa en Salud.<\/p>\n","protected":false},"author":1,"featured_media":15281,"comment_status":"closed","ping_status":"open","sticky":false,"template":"","format":"video","meta":[],"categories":[5],"tags":[178],"_links":{"self":[{"href":"https:\/\/gobernacionaltaverapaz.gob.gt\/index.php?rest_route=\/wp\/v2\/posts\/15280"}],"collection":[{"href":"https:\/\/gobernacionaltaverapaz.gob.gt\/index.php?rest_route=\/wp\/v2\/posts"}],"about":[{"href":"https:\/\/gobernacionaltaverapaz.gob.gt\/index.php?rest_route=\/wp\/v2\/types\/post"}],"author":[{"embeddable":true,"href":"https:\/\/gobernacionaltaverapaz.gob.gt\/index.php?rest_route=\/wp\/v2\/users\/1"}],"replies":[{"embeddable":true,"href":"https:\/\/gobernacionaltaverapaz.gob.gt\/index.php?rest_route=%2Fwp%2Fv2%2Fcomments&post=15280"}],"version-history":[{"count":6,"href":"https:\/\/gobernacionaltaverapaz.gob.gt\/index.php?rest_route=\/wp\/v2\/posts\/15280\/revisions"}],"predecessor-version":[{"id":15288,"href":"https:\/\/gobernacionaltaverapaz.gob.gt\/index.php?rest_route=\/wp\/v2\/posts\/15280\/revisions\/15288"}],"wp:featuredmedia":[{"embeddable":true,"href":"https:\/\/gobernacionaltaverapaz.gob.gt\/index.php?rest_route=\/wp\/v2\/media\/15281"}],"wp:attachment":[{"href":"https:\/\/gobernacionaltaverapaz.gob.gt\/index.php?rest_route=%2Fwp%2Fv2%2Fmedia&parent=15280"}],"wp:term":[{"taxonomy":"category","embeddable":true,"href":"https:\/\/gobernacionaltaverapaz.gob.gt\/index.php?rest_route=%2Fwp%2Fv2%2Fcategories&post=15280"},{"taxonomy":"post_tag","embeddable":true,"href":"https:\/\/gobernacionaltaverapaz.gob.gt\/index.php?rest_route=%2Fwp%2Fv2%2Ftags&post=15280"}],"curies":[{"name":"wp","href":"https:\/\/api.w.org\/{rel}","templated":true}]}}