{"id":15298,"date":"2023-06-22T21:02:54","date_gmt":"2023-06-23T03:02:54","guid":{"rendered":"https:\/\/gobernacionaltaverapaz.gob.gt\/?p=15298"},"modified":"2023-07-27T09:38:50","modified_gmt":"2023-07-27T15:38:50","slug":"reporte-nacional-2","status":"publish","type":"post","link":"https:\/\/gobernacionaltaverapaz.gob.gt\/?p=15298","title":{"rendered":"Reporte Nacional"},"content":{"rendered":"<p><a href=\"https:\/\/www.facebook.com\/hashtag\/reportenacional?__eep__=6&amp;__cft__[0]=AZV6lBgcRox8gggO17GPXEAJe47sZIafuhKeD32IGDkTWzWNirKq2xgENENccD9yY39p1OWQhJkKPoU5deFMq2YHHg_KN94WcpxDVufGEtKeE-uOnRfo8DWg322KPaFUpU-PQd3NwsXOMR3YioxHY1a2Kcz_LWlvzMXu7jONIdC_bFRxN6iwt3X-nNVxw1dXifD2Z_ep36uWrlFEOikyZr8P&amp;__tn__=*NK-y-R\" target=\"_blank\" rel=\"noopener\">#ReporteNacional<\/a><\/p>\n<ul>\n<li>Supervisan construcci\u00f3n de <a href=\"https:\/\/www.facebook.com\/hashtag\/parquedelapaz?__eep__=6&amp;__cft__[0]=AZV6lBgcRox8gggO17GPXEAJe47sZIafuhKeD32IGDkTWzWNirKq2xgENENccD9yY39p1OWQhJkKPoU5deFMq2YHHg_KN94WcpxDVufGEtKeE-uOnRfo8DWg322KPaFUpU-PQd3NwsXOMR3YioxHY1a2Kcz_LWlvzMXu7jONIdC_bFRxN6iwt3X-nNVxw1dXifD2Z_ep36uWrlFEOikyZr8P&amp;__tn__=*NK-y-R\" target=\"_blank\" rel=\"noopener\">#ParqueDeLaPaz<\/a> Erick Barrondo en Cob\u00e1n, Alta Verapaz.<\/li>\n<li>M\u00e1s de 118 mil beneficiados con mejoramiento de carretera.<\/li>\n<li>Guatemala participa en el 53 <a href=\"https:\/\/www.facebook.com\/hashtag\/asambleaoea?__eep__=6&amp;__cft__[0]=AZV6lBgcRox8gggO17GPXEAJe47sZIafuhKeD32IGDkTWzWNirKq2xgENENccD9yY39p1OWQhJkKPoU5deFMq2YHHg_KN94WcpxDVufGEtKeE-uOnRfo8DWg322KPaFUpU-PQd3NwsXOMR3YioxHY1a2Kcz_LWlvzMXu7jONIdC_bFRxN6iwt3X-nNVxw1dXifD2Z_ep36uWrlFEOikyZr8P&amp;__tn__=*NK-y-R\" target=\"_blank\" rel=\"noopener\">#AsambleaOEA<\/a>.<\/li>\n<li>Ministerio de Salud P\u00fablica y Asistencia Social declara alerta roja institucional.<\/li>\n<\/ul>\n<p><a href=\"https:\/\/www.facebook.com\/guatemalagob\/videos\/1013258563167532\/\" target=\"_blank\" rel=\"noopener\"><img decoding=\"async\" loading=\"lazy\" class=\"alignnone size-full wp-image-15300\" src=\"https:\/\/gobernacionaltaverapaz.gob.gt\/wp-content\/uploads\/2023\/07\/002-3.jpg\" alt=\"\" width=\"900\" height=\"600\" srcset=\"https:\/\/gobernacionaltaverapaz.gob.gt\/wp-content\/uploads\/2023\/07\/002-3.jpg 900w, https:\/\/gobernacionaltaverapaz.gob.gt\/wp-content\/uploads\/2023\/07\/002-3-300x200.jpg 300w, https:\/\/gobernacionaltaverapaz.gob.gt\/wp-content\/uploads\/2023\/07\/002-3-768x512.jpg 768w\" sizes=\"(max-width: 900px) 100vw, 900px\" \/><\/a><\/p>\n","protected":false},"excerpt":{"rendered":"<p>#ReporteNacional Supervisan construcci\u00f3n de #ParqueDeLaPaz Erick Barrondo en Cob\u00e1n, Alta Verapaz. M\u00e1s de 118 mil beneficiados con mejoramiento de carretera. Guatemala participa en el 53 #AsambleaOEA. Ministerio de Salud P\u00fablica y Asistencia Social declara alerta roja institucional.<\/p>\n","protected":false},"author":1,"featured_media":15299,"comment_status":"closed","ping_status":"open","sticky":false,"template":"","format":"video","meta":[],"categories":[195,5,4],"tags":[178],"_links":{"self":[{"href":"https:\/\/gobernacionaltaverapaz.gob.gt\/index.php?rest_route=\/wp\/v2\/posts\/15298"}],"collection":[{"href":"https:\/\/gobernacionaltaverapaz.gob.gt\/index.php?rest_route=\/wp\/v2\/posts"}],"about":[{"href":"https:\/\/gobernacionaltaverapaz.gob.gt\/index.php?rest_route=\/wp\/v2\/types\/post"}],"author":[{"embeddable":true,"href":"https:\/\/gobernacionaltaverapaz.gob.gt\/index.php?rest_route=\/wp\/v2\/users\/1"}],"replies":[{"embeddable":true,"href":"https:\/\/gobernacionaltaverapaz.gob.gt\/index.php?rest_route=%2Fwp%2Fv2%2Fcomments&post=15298"}],"version-history":[{"count":1,"href":"https:\/\/gobernacionaltaverapaz.gob.gt\/index.php?rest_route=\/wp\/v2\/posts\/15298\/revisions"}],"predecessor-version":[{"id":15301,"href":"https:\/\/gobernacionaltaverapaz.gob.gt\/index.php?rest_route=\/wp\/v2\/posts\/15298\/revisions\/15301"}],"wp:featuredmedia":[{"embeddable":true,"href":"https:\/\/gobernacionaltaverapaz.gob.gt\/index.php?rest_route=\/wp\/v2\/media\/15299"}],"wp:attachment":[{"href":"https:\/\/gobernacionaltaverapaz.gob.gt\/index.php?rest_route=%2Fwp%2Fv2%2Fmedia&parent=15298"}],"wp:term":[{"taxonomy":"category","embeddable":true,"href":"https:\/\/gobernacionaltaverapaz.gob.gt\/index.php?rest_route=%2Fwp%2Fv2%2Fcategories&post=15298"},{"taxonomy":"post_tag","embeddable":true,"href":"https:\/\/gobernacionaltaverapaz.gob.gt\/index.php?rest_route=%2Fwp%2Fv2%2Ftags&post=15298"}],"curies":[{"name":"wp","href":"https:\/\/api.w.org\/{rel}","templated":true}]}}